{"id":1051,"date":"2021-03-01T15:04:00","date_gmt":"2021-03-01T14:04:00","guid":{"rendered":"https:\/\/www.letelegraphe.com\/wp\/?p=1051"},"modified":"2021-03-01T15:04:01","modified_gmt":"2021-03-01T14:04:01","slug":"3-ans-de-prison-dont-1-ferme-pour-sarkozy-reconnu-coupable","status":"publish","type":"post","link":"https:\/\/www.letelegraphe.com\/wp\/2021\/03\/01\/3-ans-de-prison-dont-1-ferme-pour-sarkozy-reconnu-coupable\/","title":{"rendered":"3 ANS DE PRISON DONT 1 FERME POUR SARKOZY RECONNU COUPABLE"},"content":{"rendered":"\n<p><strong>AFFAIRE DES \u00c9COUTES: SARKOZY RECONNU COUPABLE DE CORRUPTION ET DE TRAFIC D&rsquo;INFLUENCE<\/strong><br><br>Le tribunal correctionnel de Paris a rendu ce lundi son jugement dans l&rsquo;affaire dite des \u00e9coutes. L&rsquo;ancien chef de l&rsquo;Etat Nicolas Sarkozy a \u00e9t\u00e9 condamn\u00e9 \u00e0 trois ans d&#8217;emprisonnement, dont un ferme, pour corruption et trafic d&rsquo;influence dans l&rsquo;affaire dite \u00ab\u00a0des \u00e9coutes\u00a0\u00bb, n\u00e9e en 2014 d&rsquo;interceptions t\u00e9l\u00e9phoniques avec son avocat historique Thierry Herzog.<br><br>Nous y reviendrons<br><br>Mena<\/p>\n","protected":false},"excerpt":{"rendered":"<p>AFFAIRE DES \u00c9COUTES: SARKOZY RECONNU COUPABLE DE CORRUPTION ET DE TRAFIC D&rsquo;INFLUENCE Le tribunal correctionnel&#8230;<\/p>\n","protected":false},"author":1,"featured_media":1053,"comment_status":"closed","ping_status":"open","sticky":false,"template":"","format":"standard","meta":{"sfsi_plus_gutenberg_text_before_share":"","sfsi_plus_gutenberg_show_text_before_share":"","sfsi_plus_gutenberg_icon_type":"","sfsi_plus_gutenberg_icon_alignemt":"","sfsi_plus_gutenburg_max_per_row":"","footnotes":""},"categories":[4],"tags":[],"class_list":["post-1051","post","type-post","status-publish","format-standard","has-post-thumbnail","hentry","category-international"],"yoast_head":"<!-- This site is optimized with the Yoast SEO plugin v26.0 - https:\/\/yoast.com\/wordpress\/plugins\/seo\/ -->\n<title>3 ANS DE PRISON DONT 1 FERME POUR SARKOZY RECONNU COUPABLE - Letelegraphe.com<\/title>\n<meta name=\"robots\" content=\"index, follow, max-snippet:-1, max-image-preview:large, max-video-preview:-1\" \/>\n<link rel=\"canonical\" href=\"https:\/\/www.letelegraphe.com\/wp\/2021\/03\/01\/3-ans-de-prison-dont-1-ferme-pour-sarkozy-reconnu-coupable\/\" \/>\n<meta property=\"og:locale\" content=\"fr_FR\" \/>\n<meta property=\"og:type\" content=\"article\" \/>\n<meta property=\"og:title\" content=\"3 ANS DE PRISON DONT 1 FERME POUR SARKOZY RECONNU COUPABLE - Letelegraphe.com\" \/>\n<meta property=\"og:description\" content=\"AFFAIRE DES \u00c9COUTES: SARKOZY RECONNU COUPABLE DE CORRUPTION ET DE TRAFIC D&rsquo;INFLUENCE Le tribunal correctionnel...\" \/>\n<meta property=\"og:url\" content=\"https:\/\/www.letelegraphe.com\/wp\/2021\/03\/01\/3-ans-de-prison-dont-1-ferme-pour-sarkozy-reconnu-coupable\/\" \/>\n<meta property=\"og:site_name\" content=\"Letelegraphe.com\" \/>\n<meta property=\"article:author\" content=\"https:\/\/www.facebook.com\/afriqueN24\" \/>\n<meta property=\"article:published_time\" content=\"2021-03-01T14:04:00+00:00\" \/>\n<meta property=\"article:modified_time\" content=\"2021-03-01T14:04:01+00:00\" \/>\n<meta property=\"og:image\" content=\"https:\/\/www.letelegraphe.com\/wp\/wp-content\/uploads\/2021\/03\/TITRE_102.jpg\" \/>\n\t<meta property=\"og:image:width\" content=\"1920\" \/>\n\t<meta property=\"og:image:height\" content=\"1080\" \/>\n\t<meta property=\"og:image:type\" content=\"image\/jpeg\" \/>\n<meta name=\"author\" content=\"Le T\u00e9l\u00e9graphe\" \/>\n<meta name=\"twitter:card\" content=\"summary_large_image\" \/>\n<meta name=\"twitter:creator\" content=\"@afriqueN24\" \/>\n<meta name=\"twitter:label1\" content=\"\u00c9crit par\" \/>\n\t<meta name=\"twitter:data1\" content=\"Le T\u00e9l\u00e9graphe\" \/>\n\t<meta name=\"twitter:label2\" content=\"Dur\u00e9e de lecture estim\u00e9e\" \/>\n\t<meta name=\"twitter:data2\" content=\"1 minute\" \/>\n<script type=\"application\/ld+json\" class=\"yoast-schema-graph\">{\"@context\":\"https:\/\/schema.org\",\"@graph\":[{\"@type\":\"Article\",\"@id\":\"https:\/\/www.letelegraphe.com\/wp\/2021\/03\/01\/3-ans-de-prison-dont-1-ferme-pour-sarkozy-reconnu-coupable\/#article\",\"isPartOf\":{\"@id\":\"https:\/\/www.letelegraphe.com\/wp\/2021\/03\/01\/3-ans-de-prison-dont-1-ferme-pour-sarkozy-reconnu-coupable\/\"},\"author\":{\"name\":\"Le T\u00e9l\u00e9graphe\",\"@id\":\"https:\/\/www.letelegraphe.com\/wp\/#\/schema\/person\/157b034500a34f201fcd0527b9e0ca3e\"},\"headline\":\"3 ANS DE PRISON DONT 1 FERME POUR SARKOZY RECONNU COUPABLE\",\"datePublished\":\"2021-03-01T14:04:00+00:00\",\"dateModified\":\"2021-03-01T14:04:01+00:00\",\"mainEntityOfPage\":{\"@id\":\"https:\/\/www.letelegraphe.com\/wp\/2021\/03\/01\/3-ans-de-prison-dont-1-ferme-pour-sarkozy-reconnu-coupable\/\"},\"wordCount\":87,\"publisher\":{\"@id\":\"https:\/\/www.letelegraphe.com\/wp\/#organization\"},\"image\":{\"@id\":\"https:\/\/www.letelegraphe.com\/wp\/2021\/03\/01\/3-ans-de-prison-dont-1-ferme-pour-sarkozy-reconnu-coupable\/#primaryimage\"},\"thumbnailUrl\":\"https:\/\/www.letelegraphe.com\/wp\/wp-content\/uploads\/2021\/03\/TITRE_102.jpg\",\"articleSection\":[\"INTERNATIONAL\"],\"inLanguage\":\"fr-FR\"},{\"@type\":\"WebPage\",\"@id\":\"https:\/\/www.letelegraphe.com\/wp\/2021\/03\/01\/3-ans-de-prison-dont-1-ferme-pour-sarkozy-reconnu-coupable\/\",\"url\":\"https:\/\/www.letelegraphe.com\/wp\/2021\/03\/01\/3-ans-de-prison-dont-1-ferme-pour-sarkozy-reconnu-coupable\/\",\"name\":\"3 ANS DE PRISON DONT 1 FERME POUR SARKOZY RECONNU COUPABLE - Letelegraphe.com\",\"isPartOf\":{\"@id\":\"https:\/\/www.letelegraphe.com\/wp\/#website\"},\"primaryImageOfPage\":{\"@id\":\"https:\/\/www.letelegraphe.com\/wp\/2021\/03\/01\/3-ans-de-prison-dont-1-ferme-pour-sarkozy-reconnu-coupable\/#primaryimage\"},\"image\":{\"@id\":\"https:\/\/www.letelegraphe.com\/wp\/2021\/03\/01\/3-ans-de-prison-dont-1-ferme-pour-sarkozy-reconnu-coupable\/#primaryimage\"},\"thumbnailUrl\":\"https:\/\/www.letelegraphe.com\/wp\/wp-content\/uploads\/2021\/03\/TITRE_102.jpg\",\"datePublished\":\"2021-03-01T14:04:00+00:00\",\"dateModified\":\"2021-03-01T14:04:01+00:00\",\"breadcrumb\":{\"@id\":\"https:\/\/www.letelegraphe.com\/wp\/2021\/03\/01\/3-ans-de-prison-dont-1-ferme-pour-sarkozy-reconnu-coupable\/#breadcrumb\"},\"inLanguage\":\"fr-FR\",\"potentialAction\":[{\"@type\":\"ReadAction\",\"target\":[\"https:\/\/www.letelegraphe.com\/wp\/2021\/03\/01\/3-ans-de-prison-dont-1-ferme-pour-sarkozy-reconnu-coupable\/\"]}]},{\"@type\":\"ImageObject\",\"inLanguage\":\"fr-FR\",\"@id\":\"https:\/\/www.letelegraphe.com\/wp\/2021\/03\/01\/3-ans-de-prison-dont-1-ferme-pour-sarkozy-reconnu-coupable\/#primaryimage\",\"url\":\"https:\/\/www.letelegraphe.com\/wp\/wp-content\/uploads\/2021\/03\/TITRE_102.jpg\",\"contentUrl\":\"https:\/\/www.letelegraphe.com\/wp\/wp-content\/uploads\/2021\/03\/TITRE_102.jpg\",\"width\":1920,\"height\":1080},{\"@type\":\"BreadcrumbList\",\"@id\":\"https:\/\/www.letelegraphe.com\/wp\/2021\/03\/01\/3-ans-de-prison-dont-1-ferme-pour-sarkozy-reconnu-coupable\/#breadcrumb\",\"itemListElement\":[{\"@type\":\"ListItem\",\"position\":1,\"name\":\"Accueil\",\"item\":\"https:\/\/www.letelegraphe.com\/wp\/\"},{\"@type\":\"ListItem\",\"position\":2,\"name\":\"3 ANS DE PRISON DONT 1 FERME POUR SARKOZY RECONNU COUPABLE\"}]},{\"@type\":\"WebSite\",\"@id\":\"https:\/\/www.letelegraphe.com\/wp\/#website\",\"url\":\"https:\/\/www.letelegraphe.com\/wp\/\",\"name\":\"Letelegraphe.com\",\"description\":\"Site d&#039;actualit\u00e9s\",\"publisher\":{\"@id\":\"https:\/\/www.letelegraphe.com\/wp\/#organization\"},\"potentialAction\":[{\"@type\":\"SearchAction\",\"target\":{\"@type\":\"EntryPoint\",\"urlTemplate\":\"https:\/\/www.letelegraphe.com\/wp\/?s={search_term_string}\"},\"query-input\":{\"@type\":\"PropertyValueSpecification\",\"valueRequired\":true,\"valueName\":\"search_term_string\"}}],\"inLanguage\":\"fr-FR\"},{\"@type\":\"Organization\",\"@id\":\"https:\/\/www.letelegraphe.com\/wp\/#organization\",\"name\":\"Letelegraphe.com\",\"url\":\"https:\/\/www.letelegraphe.com\/wp\/\",\"logo\":{\"@type\":\"ImageObject\",\"inLanguage\":\"fr-FR\",\"@id\":\"https:\/\/www.letelegraphe.com\/wp\/#\/schema\/logo\/image\/\",\"url\":\"https:\/\/www.letelegraphe.com\/wp\/wp-content\/uploads\/2021\/01\/cropped-logo_an24_tr.png\",\"contentUrl\":\"https:\/\/www.letelegraphe.com\/wp\/wp-content\/uploads\/2021\/01\/cropped-logo_an24_tr.png\",\"width\":400,\"height\":100,\"caption\":\"Letelegraphe.com\"},\"image\":{\"@id\":\"https:\/\/www.letelegraphe.com\/wp\/#\/schema\/logo\/image\/\"}},{\"@type\":\"Person\",\"@id\":\"https:\/\/www.letelegraphe.com\/wp\/#\/schema\/person\/157b034500a34f201fcd0527b9e0ca3e\",\"name\":\"Le T\u00e9l\u00e9graphe\",\"image\":{\"@type\":\"ImageObject\",\"inLanguage\":\"fr-FR\",\"@id\":\"https:\/\/www.letelegraphe.com\/wp\/#\/schema\/person\/image\/\",\"url\":\"https:\/\/secure.gravatar.com\/avatar\/8d896174d74e318013154a042fdbf8d608b0679d610850b1dde354cca267c74f?s=96&d=mm&r=g\",\"contentUrl\":\"https:\/\/secure.gravatar.com\/avatar\/8d896174d74e318013154a042fdbf8d608b0679d610850b1dde354cca267c74f?s=96&d=mm&r=g\",\"caption\":\"Le T\u00e9l\u00e9graphe\"},\"sameAs\":[\"https:\/\/www.letelegraphe.com\",\"https:\/\/www.facebook.com\/afriqueN24\",\"https:\/\/x.com\/afriqueN24\"],\"url\":\"https:\/\/www.letelegraphe.com\/wp\/author\/ltgadmin\/\"}]}<\/script>\n<!-- \/ Yoast SEO plugin. -->","yoast_head_json":{"title":"3 ANS DE PRISON DONT 1 FERME POUR SARKOZY RECONNU COUPABLE - Letelegraphe.com","robots":{"index":"index","follow":"follow","max-snippet":"max-snippet:-1","max-image-preview":"max-image-preview:large","max-video-preview":"max-video-preview:-1"},"canonical":"https:\/\/www.letelegraphe.com\/wp\/2021\/03\/01\/3-ans-de-prison-dont-1-ferme-pour-sarkozy-reconnu-coupable\/","og_locale":"fr_FR","og_type":"article","og_title":"3 ANS DE PRISON DONT 1 FERME POUR SARKOZY RECONNU COUPABLE - Letelegraphe.com","og_description":"AFFAIRE DES \u00c9COUTES: SARKOZY RECONNU COUPABLE DE CORRUPTION ET DE TRAFIC D&rsquo;INFLUENCE Le tribunal correctionnel...","og_url":"https:\/\/www.letelegraphe.com\/wp\/2021\/03\/01\/3-ans-de-prison-dont-1-ferme-pour-sarkozy-reconnu-coupable\/","og_site_name":"Letelegraphe.com","article_author":"https:\/\/www.facebook.com\/afriqueN24","article_published_time":"2021-03-01T14:04:00+00:00","article_modified_time":"2021-03-01T14:04:01+00:00","og_image":[{"width":1920,"height":1080,"url":"https:\/\/www.letelegraphe.com\/wp\/wp-content\/uploads\/2021\/03\/TITRE_102.jpg","type":"image\/jpeg"}],"author":"Le T\u00e9l\u00e9graphe","twitter_card":"summary_large_image","twitter_creator":"@afriqueN24","twitter_misc":{"\u00c9crit par":"Le T\u00e9l\u00e9graphe","Dur\u00e9e de lecture estim\u00e9e":"1 minute"},"schema":{"@context":"https:\/\/schema.org","@graph":[{"@type":"Article","@id":"https:\/\/www.letelegraphe.com\/wp\/2021\/03\/01\/3-ans-de-prison-dont-1-ferme-pour-sarkozy-reconnu-coupable\/#article","isPartOf":{"@id":"https:\/\/www.letelegraphe.com\/wp\/2021\/03\/01\/3-ans-de-prison-dont-1-ferme-pour-sarkozy-reconnu-coupable\/"},"author":{"name":"Le T\u00e9l\u00e9graphe","@id":"https:\/\/www.letelegraphe.com\/wp\/#\/schema\/person\/157b034500a34f201fcd0527b9e0ca3e"},"headline":"3 ANS DE PRISON DONT 1 FERME POUR SARKOZY RECONNU COUPABLE","datePublished":"2021-03-01T14:04:00+00:00","dateModified":"2021-03-01T14:04:01+00:00","mainEntityOfPage":{"@id":"https:\/\/www.letelegraphe.com\/wp\/2021\/03\/01\/3-ans-de-prison-dont-1-ferme-pour-sarkozy-reconnu-coupable\/"},"wordCount":87,"publisher":{"@id":"https:\/\/www.letelegraphe.com\/wp\/#organization"},"image":{"@id":"https:\/\/www.letelegraphe.com\/wp\/2021\/03\/01\/3-ans-de-prison-dont-1-ferme-pour-sarkozy-reconnu-coupable\/#primaryimage"},"thumbnailUrl":"https:\/\/www.letelegraphe.com\/wp\/wp-content\/uploads\/2021\/03\/TITRE_102.jpg","articleSection":["INTERNATIONAL"],"inLanguage":"fr-FR"},{"@type":"WebPage","@id":"https:\/\/www.letelegraphe.com\/wp\/2021\/03\/01\/3-ans-de-prison-dont-1-ferme-pour-sarkozy-reconnu-coupable\/","url":"https:\/\/www.letelegraphe.com\/wp\/2021\/03\/01\/3-ans-de-prison-dont-1-ferme-pour-sarkozy-reconnu-coupable\/","name":"3 ANS DE PRISON DONT 1 FERME POUR SARKOZY RECONNU COUPABLE - Letelegraphe.com","isPartOf":{"@id":"https:\/\/www.letelegraphe.com\/wp\/#website"},"primaryImageOfPage":{"@id":"https:\/\/www.letelegraphe.com\/wp\/2021\/03\/01\/3-ans-de-prison-dont-1-ferme-pour-sarkozy-reconnu-coupable\/#primaryimage"},"image":{"@id":"https:\/\/www.letelegraphe.com\/wp\/2021\/03\/01\/3-ans-de-prison-dont-1-ferme-pour-sarkozy-reconnu-coupable\/#primaryimage"},"thumbnailUrl":"https:\/\/www.letelegraphe.com\/wp\/wp-content\/uploads\/2021\/03\/TITRE_102.jpg","datePublished":"2021-03-01T14:04:00+00:00","dateModified":"2021-03-01T14:04:01+00:00","breadcrumb":{"@id":"https:\/\/www.letelegraphe.com\/wp\/2021\/03\/01\/3-ans-de-prison-dont-1-ferme-pour-sarkozy-reconnu-coupable\/#breadcrumb"},"inLanguage":"fr-FR","potentialAction":[{"@type":"ReadAction","target":["https:\/\/www.letelegraphe.com\/wp\/2021\/03\/01\/3-ans-de-prison-dont-1-ferme-pour-sarkozy-reconnu-coupable\/"]}]},{"@type":"ImageObject","inLanguage":"fr-FR","@id":"https:\/\/www.letelegraphe.com\/wp\/2021\/03\/01\/3-ans-de-prison-dont-1-ferme-pour-sarkozy-reconnu-coupable\/#primaryimage","url":"https:\/\/www.letelegraphe.com\/wp\/wp-content\/uploads\/2021\/03\/TITRE_102.jpg","contentUrl":"https:\/\/www.letelegraphe.com\/wp\/wp-content\/uploads\/2021\/03\/TITRE_102.jpg","width":1920,"height":1080},{"@type":"BreadcrumbList","@id":"https:\/\/www.letelegraphe.com\/wp\/2021\/03\/01\/3-ans-de-prison-dont-1-ferme-pour-sarkozy-reconnu-coupable\/#breadcrumb","itemListElement":[{"@type":"ListItem","position":1,"name":"Accueil","item":"https:\/\/www.letelegraphe.com\/wp\/"},{"@type":"ListItem","position":2,"name":"3 ANS DE PRISON DONT 1 FERME POUR SARKOZY RECONNU COUPABLE"}]},{"@type":"WebSite","@id":"https:\/\/www.letelegraphe.com\/wp\/#website","url":"https:\/\/www.letelegraphe.com\/wp\/","name":"Letelegraphe.com","description":"Site d&#039;actualit\u00e9s","publisher":{"@id":"https:\/\/www.letelegraphe.com\/wp\/#organization"},"potentialAction":[{"@type":"SearchAction","target":{"@type":"EntryPoint","urlTemplate":"https:\/\/www.letelegraphe.com\/wp\/?s={search_term_string}"},"query-input":{"@type":"PropertyValueSpecification","valueRequired":true,"valueName":"search_term_string"}}],"inLanguage":"fr-FR"},{"@type":"Organization","@id":"https:\/\/www.letelegraphe.com\/wp\/#organization","name":"Letelegraphe.com","url":"https:\/\/www.letelegraphe.com\/wp\/","logo":{"@type":"ImageObject","inLanguage":"fr-FR","@id":"https:\/\/www.letelegraphe.com\/wp\/#\/schema\/logo\/image\/","url":"https:\/\/www.letelegraphe.com\/wp\/wp-content\/uploads\/2021\/01\/cropped-logo_an24_tr.png","contentUrl":"https:\/\/www.letelegraphe.com\/wp\/wp-content\/uploads\/2021\/01\/cropped-logo_an24_tr.png","width":400,"height":100,"caption":"Letelegraphe.com"},"image":{"@id":"https:\/\/www.letelegraphe.com\/wp\/#\/schema\/logo\/image\/"}},{"@type":"Person","@id":"https:\/\/www.letelegraphe.com\/wp\/#\/schema\/person\/157b034500a34f201fcd0527b9e0ca3e","name":"Le T\u00e9l\u00e9graphe","image":{"@type":"ImageObject","inLanguage":"fr-FR","@id":"https:\/\/www.letelegraphe.com\/wp\/#\/schema\/person\/image\/","url":"https:\/\/secure.gravatar.com\/avatar\/8d896174d74e318013154a042fdbf8d608b0679d610850b1dde354cca267c74f?s=96&d=mm&r=g","contentUrl":"https:\/\/secure.gravatar.com\/avatar\/8d896174d74e318013154a042fdbf8d608b0679d610850b1dde354cca267c74f?s=96&d=mm&r=g","caption":"Le T\u00e9l\u00e9graphe"},"sameAs":["https:\/\/www.letelegraphe.com","https:\/\/www.facebook.com\/afriqueN24","https:\/\/x.com\/afriqueN24"],"url":"https:\/\/www.letelegraphe.com\/wp\/author\/ltgadmin\/"}]}},"featured_image_urls":{"full":["https:\/\/www.letelegraphe.com\/wp\/wp-content\/uploads\/2021\/03\/TITRE_102.jpg",1920,1080,false],"thumbnail":["https:\/\/www.letelegraphe.com\/wp\/wp-content\/uploads\/2021\/03\/TITRE_102-150x150.jpg",150,150,true],"medium":["https:\/\/www.letelegraphe.com\/wp\/wp-content\/uploads\/2021\/03\/TITRE_102-300x169.jpg",300,169,true],"medium_large":["https:\/\/www.letelegraphe.com\/wp\/wp-content\/uploads\/2021\/03\/TITRE_102-768x432.jpg",640,360,true],"large":["https:\/\/www.letelegraphe.com\/wp\/wp-content\/uploads\/2021\/03\/TITRE_102-1024x576.jpg",640,360,true],"1536x1536":["https:\/\/www.letelegraphe.com\/wp\/wp-content\/uploads\/2021\/03\/TITRE_102-1536x864.jpg",1536,864,true],"2048x2048":["https:\/\/www.letelegraphe.com\/wp\/wp-content\/uploads\/2021\/03\/TITRE_102.jpg",1920,1080,false],"newsphere-slider-full":["https:\/\/www.letelegraphe.com\/wp\/wp-content\/uploads\/2021\/03\/TITRE_102-1280x720.jpg",1280,720,true],"newsphere-featured":["https:\/\/www.letelegraphe.com\/wp\/wp-content\/uploads\/2021\/03\/TITRE_102-1024x576.jpg",1024,576,true],"newsphere-medium":["https:\/\/www.letelegraphe.com\/wp\/wp-content\/uploads\/2021\/03\/TITRE_102-720x380.jpg",720,380,true]},"author_info":{"display_name":"Le T\u00e9l\u00e9graphe","author_link":"https:\/\/www.letelegraphe.com\/wp\/author\/ltgadmin\/"},"category_info":"<a href=\"https:\/\/www.letelegraphe.com\/wp\/category\/international\/\" rel=\"category tag\">INTERNATIONAL<\/a>","tag_info":"INTERNATIONAL","comment_count":"0","_links":{"self":[{"href":"https:\/\/www.letelegraphe.com\/wp\/wp-json\/wp\/v2\/posts\/1051","targetHints":{"allow":["GET"]}}],"collection":[{"href":"https:\/\/www.letelegraphe.com\/wp\/wp-json\/wp\/v2\/posts"}],"about":[{"href":"https:\/\/www.letelegraphe.com\/wp\/wp-json\/wp\/v2\/types\/post"}],"author":[{"embeddable":true,"href":"https:\/\/www.letelegraphe.com\/wp\/wp-json\/wp\/v2\/users\/1"}],"replies":[{"embeddable":true,"href":"https:\/\/www.letelegraphe.com\/wp\/wp-json\/wp\/v2\/comments?post=1051"}],"version-history":[{"count":1,"href":"https:\/\/www.letelegraphe.com\/wp\/wp-json\/wp\/v2\/posts\/1051\/revisions"}],"predecessor-version":[{"id":1052,"href":"https:\/\/www.letelegraphe.com\/wp\/wp-json\/wp\/v2\/posts\/1051\/revisions\/1052"}],"wp:featuredmedia":[{"embeddable":true,"href":"https:\/\/www.letelegraphe.com\/wp\/wp-json\/wp\/v2\/media\/1053"}],"wp:attachment":[{"href":"https:\/\/www.letelegraphe.com\/wp\/wp-json\/wp\/v2\/media?parent=1051"}],"wp:term":[{"taxonomy":"category","embeddable":true,"href":"https:\/\/www.letelegraphe.com\/wp\/wp-json\/wp\/v2\/categories?post=1051"},{"taxonomy":"post_tag","embeddable":true,"href":"https:\/\/www.letelegraphe.com\/wp\/wp-json\/wp\/v2\/tags?post=1051"}],"curies":[{"name":"wp","href":"https:\/\/api.w.org\/{rel}","templated":true}]}}