{"id":1075,"date":"2021-03-02T15:45:32","date_gmt":"2021-03-02T14:45:32","guid":{"rendered":"https:\/\/www.letelegraphe.com\/wp\/?p=1075"},"modified":"2021-03-02T15:45:34","modified_gmt":"2021-03-02T14:45:34","slug":"aggression-arrestation-manu-militari-des-etudiants-a-lome","status":"publish","type":"post","link":"https:\/\/www.letelegraphe.com\/wp\/2021\/03\/02\/aggression-arrestation-manu-militari-des-etudiants-a-lome\/","title":{"rendered":"Aggression &#038; Arrestation manu-militari des \u00e9tudiants \u00e0 Lom\u00e9"},"content":{"rendered":"\n<p><strong>Des corps habill\u00e9s ont arr\u00eat\u00e9 ce mardi matin certains \u00e9tudiants de l\u2019Universit\u00e9 de Lom\u00e9. Que s&rsquo;est-il r\u00e9ellement pass\u00e9 ?<\/strong><\/p>\n\n\n\n<p>Ces derniers faisaient des travaux dirig\u00e9s (TD) dans leurs locaux habituels, \u00e0 Lom\u00e9gan, entr\u00e9e Nord du Campus de Lom\u00e9. Des gendarmes ont d\u00e9barqu\u00e9 subitement et ont captur\u00e9 les responsables de TD. Ils ont \u00e9galement chass\u00e9 tous les \u00e9tudiants des lieux.<\/p>\n\n\n\n<p>Selon les informations, l\u2019acte se justifie par le fait que les \u00e9tudiants et leurs responsables de travaux dirig\u00e9s n\u2019ont pas obtenu une autorisation minist\u00e9rielle concernant la tenue des activit\u00e9s.<\/p>\n\n\n\n<p>Les personnes arr\u00eat\u00e9es ont \u00e9t\u00e9 conduites \u00e0 la gendarmerie et sont soumises \u00e0 un interrogatoire.<\/p>\n\n\n\n<p>Notons que les organisateurs de TD \u00e0 l\u2019endroit des \u00e9tudiants sont eux-m\u00eames des \u00e9tudiants qui soit, ont fini leurs ann\u00e9es de licence, soit master ou des doctorants. L\u2019activit\u00e9 leur permet d\u2019arrondir les angles afin de poursuivre leurs \u00e9tudes sup\u00e9rieures.<br><br><strong><em>Gerard Arouet<\/em><\/strong><\/p>\n","protected":false},"excerpt":{"rendered":"<p>Des corps habill\u00e9s ont arr\u00eat\u00e9 ce mardi matin certains \u00e9tudiants de l\u2019Universit\u00e9 de Lom\u00e9. Que&#8230;<\/p>\n","protected":false},"author":1,"featured_media":1076,"comment_status":"closed","ping_status":"open","sticky":false,"template":"","format":"standard","meta":{"sfsi_plus_gutenberg_text_before_share":"","sfsi_plus_gutenberg_show_text_before_share":"","sfsi_plus_gutenberg_icon_type":"","sfsi_plus_gutenberg_icon_alignemt":"","sfsi_plus_gutenburg_max_per_row":"","footnotes":""},"categories":[53],"tags":[],"class_list":["post-1075","post","type-post","status-publish","format-standard","has-post-thumbnail","hentry","category-societe"],"yoast_head":"<!-- This site is optimized with the Yoast SEO plugin v26.0 - https:\/\/yoast.com\/wordpress\/plugins\/seo\/ -->\n<title>Aggression &amp; Arrestation manu-militari des \u00e9tudiants \u00e0 Lom\u00e9 - Letelegraphe.com<\/title>\n<meta name=\"robots\" content=\"index, follow, max-snippet:-1, max-image-preview:large, max-video-preview:-1\" \/>\n<link rel=\"canonical\" href=\"https:\/\/www.letelegraphe.com\/wp\/2021\/03\/02\/aggression-arrestation-manu-militari-des-etudiants-a-lome\/\" \/>\n<meta property=\"og:locale\" content=\"fr_FR\" \/>\n<meta property=\"og:type\" content=\"article\" \/>\n<meta property=\"og:title\" content=\"Aggression &amp; Arrestation manu-militari des \u00e9tudiants \u00e0 Lom\u00e9 - Letelegraphe.com\" \/>\n<meta property=\"og:description\" content=\"Des corps habill\u00e9s ont arr\u00eat\u00e9 ce mardi matin certains \u00e9tudiants de l\u2019Universit\u00e9 de Lom\u00e9. Que...\" \/>\n<meta property=\"og:url\" content=\"https:\/\/www.letelegraphe.com\/wp\/2021\/03\/02\/aggression-arrestation-manu-militari-des-etudiants-a-lome\/\" \/>\n<meta property=\"og:site_name\" content=\"Letelegraphe.com\" \/>\n<meta property=\"article:author\" content=\"https:\/\/www.facebook.com\/afriqueN24\" \/>\n<meta property=\"article:published_time\" content=\"2021-03-02T14:45:32+00:00\" \/>\n<meta property=\"article:modified_time\" content=\"2021-03-02T14:45:34+00:00\" \/>\n<meta property=\"og:image\" content=\"https:\/\/www.letelegraphe.com\/wp\/wp-content\/uploads\/2021\/03\/TITRE_108.jpg\" \/>\n\t<meta property=\"og:image:width\" content=\"1920\" \/>\n\t<meta property=\"og:image:height\" content=\"1080\" \/>\n\t<meta property=\"og:image:type\" content=\"image\/jpeg\" \/>\n<meta name=\"author\" content=\"Le T\u00e9l\u00e9graphe\" \/>\n<meta name=\"twitter:card\" content=\"summary_large_image\" \/>\n<meta name=\"twitter:creator\" content=\"@afriqueN24\" \/>\n<meta name=\"twitter:label1\" content=\"\u00c9crit par\" \/>\n\t<meta name=\"twitter:data1\" content=\"Le T\u00e9l\u00e9graphe\" \/>\n\t<meta name=\"twitter:label2\" content=\"Dur\u00e9e de lecture estim\u00e9e\" \/>\n\t<meta name=\"twitter:data2\" content=\"1 minute\" \/>\n<script type=\"application\/ld+json\" class=\"yoast-schema-graph\">{\"@context\":\"https:\/\/schema.org\",\"@graph\":[{\"@type\":\"Article\",\"@id\":\"https:\/\/www.letelegraphe.com\/wp\/2021\/03\/02\/aggression-arrestation-manu-militari-des-etudiants-a-lome\/#article\",\"isPartOf\":{\"@id\":\"https:\/\/www.letelegraphe.com\/wp\/2021\/03\/02\/aggression-arrestation-manu-militari-des-etudiants-a-lome\/\"},\"author\":{\"name\":\"Le T\u00e9l\u00e9graphe\",\"@id\":\"https:\/\/www.letelegraphe.com\/wp\/#\/schema\/person\/157b034500a34f201fcd0527b9e0ca3e\"},\"headline\":\"Aggression &#038; Arrestation manu-militari des \u00e9tudiants \u00e0 Lom\u00e9\",\"datePublished\":\"2021-03-02T14:45:32+00:00\",\"dateModified\":\"2021-03-02T14:45:34+00:00\",\"mainEntityOfPage\":{\"@id\":\"https:\/\/www.letelegraphe.com\/wp\/2021\/03\/02\/aggression-arrestation-manu-militari-des-etudiants-a-lome\/\"},\"wordCount\":167,\"publisher\":{\"@id\":\"https:\/\/www.letelegraphe.com\/wp\/#organization\"},\"image\":{\"@id\":\"https:\/\/www.letelegraphe.com\/wp\/2021\/03\/02\/aggression-arrestation-manu-militari-des-etudiants-a-lome\/#primaryimage\"},\"thumbnailUrl\":\"https:\/\/www.letelegraphe.com\/wp\/wp-content\/uploads\/2021\/03\/TITRE_108.jpg\",\"articleSection\":[\"SOCI\u00c9T\u00c9\"],\"inLanguage\":\"fr-FR\"},{\"@type\":\"WebPage\",\"@id\":\"https:\/\/www.letelegraphe.com\/wp\/2021\/03\/02\/aggression-arrestation-manu-militari-des-etudiants-a-lome\/\",\"url\":\"https:\/\/www.letelegraphe.com\/wp\/2021\/03\/02\/aggression-arrestation-manu-militari-des-etudiants-a-lome\/\",\"name\":\"Aggression & Arrestation manu-militari des \u00e9tudiants \u00e0 Lom\u00e9 - Letelegraphe.com\",\"isPartOf\":{\"@id\":\"https:\/\/www.letelegraphe.com\/wp\/#website\"},\"primaryImageOfPage\":{\"@id\":\"https:\/\/www.letelegraphe.com\/wp\/2021\/03\/02\/aggression-arrestation-manu-militari-des-etudiants-a-lome\/#primaryimage\"},\"image\":{\"@id\":\"https:\/\/www.letelegraphe.com\/wp\/2021\/03\/02\/aggression-arrestation-manu-militari-des-etudiants-a-lome\/#primaryimage\"},\"thumbnailUrl\":\"https:\/\/www.letelegraphe.com\/wp\/wp-content\/uploads\/2021\/03\/TITRE_108.jpg\",\"datePublished\":\"2021-03-02T14:45:32+00:00\",\"dateModified\":\"2021-03-02T14:45:34+00:00\",\"breadcrumb\":{\"@id\":\"https:\/\/www.letelegraphe.com\/wp\/2021\/03\/02\/aggression-arrestation-manu-militari-des-etudiants-a-lome\/#breadcrumb\"},\"inLanguage\":\"fr-FR\",\"potentialAction\":[{\"@type\":\"ReadAction\",\"target\":[\"https:\/\/www.letelegraphe.com\/wp\/2021\/03\/02\/aggression-arrestation-manu-militari-des-etudiants-a-lome\/\"]}]},{\"@type\":\"ImageObject\",\"inLanguage\":\"fr-FR\",\"@id\":\"https:\/\/www.letelegraphe.com\/wp\/2021\/03\/02\/aggression-arrestation-manu-militari-des-etudiants-a-lome\/#primaryimage\",\"url\":\"https:\/\/www.letelegraphe.com\/wp\/wp-content\/uploads\/2021\/03\/TITRE_108.jpg\",\"contentUrl\":\"https:\/\/www.letelegraphe.com\/wp\/wp-content\/uploads\/2021\/03\/TITRE_108.jpg\",\"width\":1920,\"height\":1080},{\"@type\":\"BreadcrumbList\",\"@id\":\"https:\/\/www.letelegraphe.com\/wp\/2021\/03\/02\/aggression-arrestation-manu-militari-des-etudiants-a-lome\/#breadcrumb\",\"itemListElement\":[{\"@type\":\"ListItem\",\"position\":1,\"name\":\"Accueil\",\"item\":\"https:\/\/www.letelegraphe.com\/wp\/\"},{\"@type\":\"ListItem\",\"position\":2,\"name\":\"Aggression &#038; Arrestation manu-militari des \u00e9tudiants \u00e0 Lom\u00e9\"}]},{\"@type\":\"WebSite\",\"@id\":\"https:\/\/www.letelegraphe.com\/wp\/#website\",\"url\":\"https:\/\/www.letelegraphe.com\/wp\/\",\"name\":\"Letelegraphe.com\",\"description\":\"Site d&#039;actualit\u00e9s\",\"publisher\":{\"@id\":\"https:\/\/www.letelegraphe.com\/wp\/#organization\"},\"potentialAction\":[{\"@type\":\"SearchAction\",\"target\":{\"@type\":\"EntryPoint\",\"urlTemplate\":\"https:\/\/www.letelegraphe.com\/wp\/?s={search_term_string}\"},\"query-input\":{\"@type\":\"PropertyValueSpecification\",\"valueRequired\":true,\"valueName\":\"search_term_string\"}}],\"inLanguage\":\"fr-FR\"},{\"@type\":\"Organization\",\"@id\":\"https:\/\/www.letelegraphe.com\/wp\/#organization\",\"name\":\"Letelegraphe.com\",\"url\":\"https:\/\/www.letelegraphe.com\/wp\/\",\"logo\":{\"@type\":\"ImageObject\",\"inLanguage\":\"fr-FR\",\"@id\":\"https:\/\/www.letelegraphe.com\/wp\/#\/schema\/logo\/image\/\",\"url\":\"https:\/\/www.letelegraphe.com\/wp\/wp-content\/uploads\/2021\/01\/cropped-logo_an24_tr.png\",\"contentUrl\":\"https:\/\/www.letelegraphe.com\/wp\/wp-content\/uploads\/2021\/01\/cropped-logo_an24_tr.png\",\"width\":400,\"height\":100,\"caption\":\"Letelegraphe.com\"},\"image\":{\"@id\":\"https:\/\/www.letelegraphe.com\/wp\/#\/schema\/logo\/image\/\"}},{\"@type\":\"Person\",\"@id\":\"https:\/\/www.letelegraphe.com\/wp\/#\/schema\/person\/157b034500a34f201fcd0527b9e0ca3e\",\"name\":\"Le T\u00e9l\u00e9graphe\",\"image\":{\"@type\":\"ImageObject\",\"inLanguage\":\"fr-FR\",\"@id\":\"https:\/\/www.letelegraphe.com\/wp\/#\/schema\/person\/image\/\",\"url\":\"https:\/\/secure.gravatar.com\/avatar\/8d896174d74e318013154a042fdbf8d608b0679d610850b1dde354cca267c74f?s=96&d=mm&r=g\",\"contentUrl\":\"https:\/\/secure.gravatar.com\/avatar\/8d896174d74e318013154a042fdbf8d608b0679d610850b1dde354cca267c74f?s=96&d=mm&r=g\",\"caption\":\"Le T\u00e9l\u00e9graphe\"},\"sameAs\":[\"https:\/\/www.letelegraphe.com\",\"https:\/\/www.facebook.com\/afriqueN24\",\"https:\/\/x.com\/afriqueN24\"],\"url\":\"https:\/\/www.letelegraphe.com\/wp\/author\/ltgadmin\/\"}]}<\/script>\n<!-- \/ Yoast SEO plugin. -->","yoast_head_json":{"title":"Aggression & Arrestation manu-militari des \u00e9tudiants \u00e0 Lom\u00e9 - Letelegraphe.com","robots":{"index":"index","follow":"follow","max-snippet":"max-snippet:-1","max-image-preview":"max-image-preview:large","max-video-preview":"max-video-preview:-1"},"canonical":"https:\/\/www.letelegraphe.com\/wp\/2021\/03\/02\/aggression-arrestation-manu-militari-des-etudiants-a-lome\/","og_locale":"fr_FR","og_type":"article","og_title":"Aggression & Arrestation manu-militari des \u00e9tudiants \u00e0 Lom\u00e9 - Letelegraphe.com","og_description":"Des corps habill\u00e9s ont arr\u00eat\u00e9 ce mardi matin certains \u00e9tudiants de l\u2019Universit\u00e9 de Lom\u00e9. Que...","og_url":"https:\/\/www.letelegraphe.com\/wp\/2021\/03\/02\/aggression-arrestation-manu-militari-des-etudiants-a-lome\/","og_site_name":"Letelegraphe.com","article_author":"https:\/\/www.facebook.com\/afriqueN24","article_published_time":"2021-03-02T14:45:32+00:00","article_modified_time":"2021-03-02T14:45:34+00:00","og_image":[{"width":1920,"height":1080,"url":"https:\/\/www.letelegraphe.com\/wp\/wp-content\/uploads\/2021\/03\/TITRE_108.jpg","type":"image\/jpeg"}],"author":"Le T\u00e9l\u00e9graphe","twitter_card":"summary_large_image","twitter_creator":"@afriqueN24","twitter_misc":{"\u00c9crit par":"Le T\u00e9l\u00e9graphe","Dur\u00e9e de lecture estim\u00e9e":"1 minute"},"schema":{"@context":"https:\/\/schema.org","@graph":[{"@type":"Article","@id":"https:\/\/www.letelegraphe.com\/wp\/2021\/03\/02\/aggression-arrestation-manu-militari-des-etudiants-a-lome\/#article","isPartOf":{"@id":"https:\/\/www.letelegraphe.com\/wp\/2021\/03\/02\/aggression-arrestation-manu-militari-des-etudiants-a-lome\/"},"author":{"name":"Le T\u00e9l\u00e9graphe","@id":"https:\/\/www.letelegraphe.com\/wp\/#\/schema\/person\/157b034500a34f201fcd0527b9e0ca3e"},"headline":"Aggression &#038; Arrestation manu-militari des \u00e9tudiants \u00e0 Lom\u00e9","datePublished":"2021-03-02T14:45:32+00:00","dateModified":"2021-03-02T14:45:34+00:00","mainEntityOfPage":{"@id":"https:\/\/www.letelegraphe.com\/wp\/2021\/03\/02\/aggression-arrestation-manu-militari-des-etudiants-a-lome\/"},"wordCount":167,"publisher":{"@id":"https:\/\/www.letelegraphe.com\/wp\/#organization"},"image":{"@id":"https:\/\/www.letelegraphe.com\/wp\/2021\/03\/02\/aggression-arrestation-manu-militari-des-etudiants-a-lome\/#primaryimage"},"thumbnailUrl":"https:\/\/www.letelegraphe.com\/wp\/wp-content\/uploads\/2021\/03\/TITRE_108.jpg","articleSection":["SOCI\u00c9T\u00c9"],"inLanguage":"fr-FR"},{"@type":"WebPage","@id":"https:\/\/www.letelegraphe.com\/wp\/2021\/03\/02\/aggression-arrestation-manu-militari-des-etudiants-a-lome\/","url":"https:\/\/www.letelegraphe.com\/wp\/2021\/03\/02\/aggression-arrestation-manu-militari-des-etudiants-a-lome\/","name":"Aggression & Arrestation manu-militari des \u00e9tudiants \u00e0 Lom\u00e9 - Letelegraphe.com","isPartOf":{"@id":"https:\/\/www.letelegraphe.com\/wp\/#website"},"primaryImageOfPage":{"@id":"https:\/\/www.letelegraphe.com\/wp\/2021\/03\/02\/aggression-arrestation-manu-militari-des-etudiants-a-lome\/#primaryimage"},"image":{"@id":"https:\/\/www.letelegraphe.com\/wp\/2021\/03\/02\/aggression-arrestation-manu-militari-des-etudiants-a-lome\/#primaryimage"},"thumbnailUrl":"https:\/\/www.letelegraphe.com\/wp\/wp-content\/uploads\/2021\/03\/TITRE_108.jpg","datePublished":"2021-03-02T14:45:32+00:00","dateModified":"2021-03-02T14:45:34+00:00","breadcrumb":{"@id":"https:\/\/www.letelegraphe.com\/wp\/2021\/03\/02\/aggression-arrestation-manu-militari-des-etudiants-a-lome\/#breadcrumb"},"inLanguage":"fr-FR","potentialAction":[{"@type":"ReadAction","target":["https:\/\/www.letelegraphe.com\/wp\/2021\/03\/02\/aggression-arrestation-manu-militari-des-etudiants-a-lome\/"]}]},{"@type":"ImageObject","inLanguage":"fr-FR","@id":"https:\/\/www.letelegraphe.com\/wp\/2021\/03\/02\/aggression-arrestation-manu-militari-des-etudiants-a-lome\/#primaryimage","url":"https:\/\/www.letelegraphe.com\/wp\/wp-content\/uploads\/2021\/03\/TITRE_108.jpg","contentUrl":"https:\/\/www.letelegraphe.com\/wp\/wp-content\/uploads\/2021\/03\/TITRE_108.jpg","width":1920,"height":1080},{"@type":"BreadcrumbList","@id":"https:\/\/www.letelegraphe.com\/wp\/2021\/03\/02\/aggression-arrestation-manu-militari-des-etudiants-a-lome\/#breadcrumb","itemListElement":[{"@type":"ListItem","position":1,"name":"Accueil","item":"https:\/\/www.letelegraphe.com\/wp\/"},{"@type":"ListItem","position":2,"name":"Aggression &#038; Arrestation manu-militari des \u00e9tudiants \u00e0 Lom\u00e9"}]},{"@type":"WebSite","@id":"https:\/\/www.letelegraphe.com\/wp\/#website","url":"https:\/\/www.letelegraphe.com\/wp\/","name":"Letelegraphe.com","description":"Site d&#039;actualit\u00e9s","publisher":{"@id":"https:\/\/www.letelegraphe.com\/wp\/#organization"},"potentialAction":[{"@type":"SearchAction","target":{"@type":"EntryPoint","urlTemplate":"https:\/\/www.letelegraphe.com\/wp\/?s={search_term_string}"},"query-input":{"@type":"PropertyValueSpecification","valueRequired":true,"valueName":"search_term_string"}}],"inLanguage":"fr-FR"},{"@type":"Organization","@id":"https:\/\/www.letelegraphe.com\/wp\/#organization","name":"Letelegraphe.com","url":"https:\/\/www.letelegraphe.com\/wp\/","logo":{"@type":"ImageObject","inLanguage":"fr-FR","@id":"https:\/\/www.letelegraphe.com\/wp\/#\/schema\/logo\/image\/","url":"https:\/\/www.letelegraphe.com\/wp\/wp-content\/uploads\/2021\/01\/cropped-logo_an24_tr.png","contentUrl":"https:\/\/www.letelegraphe.com\/wp\/wp-content\/uploads\/2021\/01\/cropped-logo_an24_tr.png","width":400,"height":100,"caption":"Letelegraphe.com"},"image":{"@id":"https:\/\/www.letelegraphe.com\/wp\/#\/schema\/logo\/image\/"}},{"@type":"Person","@id":"https:\/\/www.letelegraphe.com\/wp\/#\/schema\/person\/157b034500a34f201fcd0527b9e0ca3e","name":"Le T\u00e9l\u00e9graphe","image":{"@type":"ImageObject","inLanguage":"fr-FR","@id":"https:\/\/www.letelegraphe.com\/wp\/#\/schema\/person\/image\/","url":"https:\/\/secure.gravatar.com\/avatar\/8d896174d74e318013154a042fdbf8d608b0679d610850b1dde354cca267c74f?s=96&d=mm&r=g","contentUrl":"https:\/\/secure.gravatar.com\/avatar\/8d896174d74e318013154a042fdbf8d608b0679d610850b1dde354cca267c74f?s=96&d=mm&r=g","caption":"Le T\u00e9l\u00e9graphe"},"sameAs":["https:\/\/www.letelegraphe.com","https:\/\/www.facebook.com\/afriqueN24","https:\/\/x.com\/afriqueN24"],"url":"https:\/\/www.letelegraphe.com\/wp\/author\/ltgadmin\/"}]}},"featured_image_urls":{"full":["https:\/\/www.letelegraphe.com\/wp\/wp-content\/uploads\/2021\/03\/TITRE_108.jpg",1920,1080,false],"thumbnail":["https:\/\/www.letelegraphe.com\/wp\/wp-content\/uploads\/2021\/03\/TITRE_108-150x150.jpg",150,150,true],"medium":["https:\/\/www.letelegraphe.com\/wp\/wp-content\/uploads\/2021\/03\/TITRE_108-300x169.jpg",300,169,true],"medium_large":["https:\/\/www.letelegraphe.com\/wp\/wp-content\/uploads\/2021\/03\/TITRE_108-768x432.jpg",640,360,true],"large":["https:\/\/www.letelegraphe.com\/wp\/wp-content\/uploads\/2021\/03\/TITRE_108-1024x576.jpg",640,360,true],"1536x1536":["https:\/\/www.letelegraphe.com\/wp\/wp-content\/uploads\/2021\/03\/TITRE_108-1536x864.jpg",1536,864,true],"2048x2048":["https:\/\/www.letelegraphe.com\/wp\/wp-content\/uploads\/2021\/03\/TITRE_108.jpg",1920,1080,false],"newsphere-slider-full":["https:\/\/www.letelegraphe.com\/wp\/wp-content\/uploads\/2021\/03\/TITRE_108-1280x720.jpg",1280,720,true],"newsphere-featured":["https:\/\/www.letelegraphe.com\/wp\/wp-content\/uploads\/2021\/03\/TITRE_108-1024x576.jpg",1024,576,true],"newsphere-medium":["https:\/\/www.letelegraphe.com\/wp\/wp-content\/uploads\/2021\/03\/TITRE_108-720x380.jpg",720,380,true]},"author_info":{"display_name":"Le T\u00e9l\u00e9graphe","author_link":"https:\/\/www.letelegraphe.com\/wp\/author\/ltgadmin\/"},"category_info":"<a href=\"https:\/\/www.letelegraphe.com\/wp\/category\/societe\/\" rel=\"category tag\">SOCI\u00c9T\u00c9<\/a>","tag_info":"SOCI\u00c9T\u00c9","comment_count":"0","_links":{"self":[{"href":"https:\/\/www.letelegraphe.com\/wp\/wp-json\/wp\/v2\/posts\/1075","targetHints":{"allow":["GET"]}}],"collection":[{"href":"https:\/\/www.letelegraphe.com\/wp\/wp-json\/wp\/v2\/posts"}],"about":[{"href":"https:\/\/www.letelegraphe.com\/wp\/wp-json\/wp\/v2\/types\/post"}],"author":[{"embeddable":true,"href":"https:\/\/www.letelegraphe.com\/wp\/wp-json\/wp\/v2\/users\/1"}],"replies":[{"embeddable":true,"href":"https:\/\/www.letelegraphe.com\/wp\/wp-json\/wp\/v2\/comments?post=1075"}],"version-history":[{"count":1,"href":"https:\/\/www.letelegraphe.com\/wp\/wp-json\/wp\/v2\/posts\/1075\/revisions"}],"predecessor-version":[{"id":1077,"href":"https:\/\/www.letelegraphe.com\/wp\/wp-json\/wp\/v2\/posts\/1075\/revisions\/1077"}],"wp:featuredmedia":[{"embeddable":true,"href":"https:\/\/www.letelegraphe.com\/wp\/wp-json\/wp\/v2\/media\/1076"}],"wp:attachment":[{"href":"https:\/\/www.letelegraphe.com\/wp\/wp-json\/wp\/v2\/media?parent=1075"}],"wp:term":[{"taxonomy":"category","embeddable":true,"href":"https:\/\/www.letelegraphe.com\/wp\/wp-json\/wp\/v2\/categories?post=1075"},{"taxonomy":"post_tag","embeddable":true,"href":"https:\/\/www.letelegraphe.com\/wp\/wp-json\/wp\/v2\/tags?post=1075"}],"curies":[{"name":"wp","href":"https:\/\/api.w.org\/{rel}","templated":true}]}}