{"id":1116,"date":"2021-03-05T23:31:58","date_gmt":"2021-03-05T22:31:58","guid":{"rendered":"https:\/\/www.letelegraphe.com\/wp\/?p=1116"},"modified":"2021-03-06T00:15:02","modified_gmt":"2021-03-05T23:15:02","slug":"reckya-madougou-placee-sous-mandat-de-depot","status":"publish","type":"post","link":"https:\/\/www.letelegraphe.com\/wp\/2021\/03\/05\/reckya-madougou-placee-sous-mandat-de-depot\/","title":{"rendered":"Reckya Madougou plac\u00e9e sous mandat de d\u00e9p\u00f4t."},"content":{"rendered":"\n<p>La candidate  du parti \u00ab Les D\u00e9mocrates \u00bb, Reckya Madougou ne b\u00e9n\u00e9ficiera pas d\u2019aussi t\u00f4t d\u2019une libert\u00e9. Nous l&rsquo;annoncions hier de source confidentielle, elle vient d\u2019\u00eatre d\u00e9pos\u00e9e ce vendredi 05 mars 2021 \u00e0 la maison d\u2019arr\u00eat de Miss\u00e9r\u00e9t\u00e9.<\/p>\n\n\n\n<p>En effet, suite \u00e0 sa deuxi\u00e8me audition, intervenue ce vendredi 05 mars 2021, \u00e0 la Cour de r\u00e9pression des infractions \u00e9conomiques et du terrorisme (CRIET), elle a \u00e9t\u00e9 plac\u00e9e sous mandat de d\u00e9p\u00f4t \u00e0 la prison civile de Miss\u00e9r\u00e9t\u00e9.<\/p>\n\n\n\n<p>Mise en cause dans une enqu\u00eate en cours, Dame Reckya Madougou devra d\u00e9sormais s\u00e9journer \u00e0 la prison civile de Miss\u00e9r\u00e9t\u00e9 en attendant son jugement.<\/p>\n\n\n\n<p>Rappelons qu\u2019hier, le procureur sp\u00e9cial du CRIET a tenu un point de presse pour situer l\u2019opinion nationale et justifier les raisons de cette arrestation.<br><br>Il ressort que Reckya Madougou aurait envoy\u00e9 de l\u2019argent par l\u2019interm\u00e9diaire d\u2019un de ses proches collaborateurs au colonel Ibrahim Mama Tour\u00e9 pour une mission d\u00e9licate, celle d\u2019\u00e9liminer certaines autorit\u00e9s politiques dans le but de perturber le d\u00e9roulement du scrutin du 11 avril 2021.<\/p>\n\n\n\n<p><strong><em>Mena<\/em><\/strong><\/p>\n\n\n\n<p><br><br><\/p>\n","protected":false},"excerpt":{"rendered":"<p>La candidate du parti \u00ab Les D\u00e9mocrates \u00bb, Reckya Madougou ne b\u00e9n\u00e9ficiera pas d\u2019aussi t\u00f4t&#8230;<\/p>\n","protected":false},"author":1,"featured_media":1117,"comment_status":"closed","ping_status":"open","sticky":false,"template":"","format":"standard","meta":{"sfsi_plus_gutenberg_text_before_share":"","sfsi_plus_gutenberg_show_text_before_share":"","sfsi_plus_gutenberg_icon_type":"","sfsi_plus_gutenberg_icon_alignemt":"","sfsi_plus_gutenburg_max_per_row":"","footnotes":""},"categories":[36,4],"tags":[],"class_list":["post-1116","post","type-post","status-publish","format-standard","has-post-thumbnail","hentry","category-benin","category-international"],"yoast_head":"<!-- This site is optimized with the Yoast SEO plugin v26.0 - https:\/\/yoast.com\/wordpress\/plugins\/seo\/ -->\n<title>Reckya Madougou plac\u00e9e sous mandat de d\u00e9p\u00f4t. - Letelegraphe.com<\/title>\n<meta name=\"robots\" content=\"index, follow, max-snippet:-1, max-image-preview:large, max-video-preview:-1\" \/>\n<link rel=\"canonical\" href=\"https:\/\/www.letelegraphe.com\/wp\/2021\/03\/05\/reckya-madougou-placee-sous-mandat-de-depot\/\" \/>\n<meta property=\"og:locale\" content=\"fr_FR\" \/>\n<meta property=\"og:type\" content=\"article\" \/>\n<meta property=\"og:title\" content=\"Reckya Madougou plac\u00e9e sous mandat de d\u00e9p\u00f4t. - Letelegraphe.com\" \/>\n<meta property=\"og:description\" content=\"La candidate du parti \u00ab Les D\u00e9mocrates \u00bb, Reckya Madougou ne b\u00e9n\u00e9ficiera pas d\u2019aussi t\u00f4t...\" \/>\n<meta property=\"og:url\" content=\"https:\/\/www.letelegraphe.com\/wp\/2021\/03\/05\/reckya-madougou-placee-sous-mandat-de-depot\/\" \/>\n<meta property=\"og:site_name\" content=\"Letelegraphe.com\" \/>\n<meta property=\"article:author\" content=\"https:\/\/www.facebook.com\/afriqueN24\" \/>\n<meta property=\"article:published_time\" content=\"2021-03-05T22:31:58+00:00\" \/>\n<meta property=\"article:modified_time\" content=\"2021-03-05T23:15:02+00:00\" \/>\n<meta property=\"og:image\" content=\"https:\/\/www.letelegraphe.com\/wp\/wp-content\/uploads\/2021\/03\/TITRE_119.jpg\" \/>\n\t<meta property=\"og:image:width\" content=\"1920\" \/>\n\t<meta property=\"og:image:height\" content=\"1080\" \/>\n\t<meta property=\"og:image:type\" content=\"image\/jpeg\" \/>\n<meta name=\"author\" content=\"Le T\u00e9l\u00e9graphe\" \/>\n<meta name=\"twitter:card\" content=\"summary_large_image\" \/>\n<meta name=\"twitter:creator\" content=\"@afriqueN24\" \/>\n<meta name=\"twitter:label1\" content=\"\u00c9crit par\" \/>\n\t<meta name=\"twitter:data1\" content=\"Le T\u00e9l\u00e9graphe\" \/>\n\t<meta name=\"twitter:label2\" content=\"Dur\u00e9e de lecture estim\u00e9e\" \/>\n\t<meta name=\"twitter:data2\" content=\"1 minute\" \/>\n<script type=\"application\/ld+json\" class=\"yoast-schema-graph\">{\"@context\":\"https:\/\/schema.org\",\"@graph\":[{\"@type\":\"Article\",\"@id\":\"https:\/\/www.letelegraphe.com\/wp\/2021\/03\/05\/reckya-madougou-placee-sous-mandat-de-depot\/#article\",\"isPartOf\":{\"@id\":\"https:\/\/www.letelegraphe.com\/wp\/2021\/03\/05\/reckya-madougou-placee-sous-mandat-de-depot\/\"},\"author\":{\"name\":\"Le T\u00e9l\u00e9graphe\",\"@id\":\"https:\/\/www.letelegraphe.com\/wp\/#\/schema\/person\/157b034500a34f201fcd0527b9e0ca3e\"},\"headline\":\"Reckya Madougou plac\u00e9e sous mandat de d\u00e9p\u00f4t.\",\"datePublished\":\"2021-03-05T22:31:58+00:00\",\"dateModified\":\"2021-03-05T23:15:02+00:00\",\"mainEntityOfPage\":{\"@id\":\"https:\/\/www.letelegraphe.com\/wp\/2021\/03\/05\/reckya-madougou-placee-sous-mandat-de-depot\/\"},\"wordCount\":203,\"publisher\":{\"@id\":\"https:\/\/www.letelegraphe.com\/wp\/#organization\"},\"image\":{\"@id\":\"https:\/\/www.letelegraphe.com\/wp\/2021\/03\/05\/reckya-madougou-placee-sous-mandat-de-depot\/#primaryimage\"},\"thumbnailUrl\":\"https:\/\/www.letelegraphe.com\/wp\/wp-content\/uploads\/2021\/03\/TITRE_119.jpg\",\"articleSection\":[\"BENIN\",\"INTERNATIONAL\"],\"inLanguage\":\"fr-FR\"},{\"@type\":\"WebPage\",\"@id\":\"https:\/\/www.letelegraphe.com\/wp\/2021\/03\/05\/reckya-madougou-placee-sous-mandat-de-depot\/\",\"url\":\"https:\/\/www.letelegraphe.com\/wp\/2021\/03\/05\/reckya-madougou-placee-sous-mandat-de-depot\/\",\"name\":\"Reckya Madougou plac\u00e9e sous mandat de d\u00e9p\u00f4t. - Letelegraphe.com\",\"isPartOf\":{\"@id\":\"https:\/\/www.letelegraphe.com\/wp\/#website\"},\"primaryImageOfPage\":{\"@id\":\"https:\/\/www.letelegraphe.com\/wp\/2021\/03\/05\/reckya-madougou-placee-sous-mandat-de-depot\/#primaryimage\"},\"image\":{\"@id\":\"https:\/\/www.letelegraphe.com\/wp\/2021\/03\/05\/reckya-madougou-placee-sous-mandat-de-depot\/#primaryimage\"},\"thumbnailUrl\":\"https:\/\/www.letelegraphe.com\/wp\/wp-content\/uploads\/2021\/03\/TITRE_119.jpg\",\"datePublished\":\"2021-03-05T22:31:58+00:00\",\"dateModified\":\"2021-03-05T23:15:02+00:00\",\"breadcrumb\":{\"@id\":\"https:\/\/www.letelegraphe.com\/wp\/2021\/03\/05\/reckya-madougou-placee-sous-mandat-de-depot\/#breadcrumb\"},\"inLanguage\":\"fr-FR\",\"potentialAction\":[{\"@type\":\"ReadAction\",\"target\":[\"https:\/\/www.letelegraphe.com\/wp\/2021\/03\/05\/reckya-madougou-placee-sous-mandat-de-depot\/\"]}]},{\"@type\":\"ImageObject\",\"inLanguage\":\"fr-FR\",\"@id\":\"https:\/\/www.letelegraphe.com\/wp\/2021\/03\/05\/reckya-madougou-placee-sous-mandat-de-depot\/#primaryimage\",\"url\":\"https:\/\/www.letelegraphe.com\/wp\/wp-content\/uploads\/2021\/03\/TITRE_119.jpg\",\"contentUrl\":\"https:\/\/www.letelegraphe.com\/wp\/wp-content\/uploads\/2021\/03\/TITRE_119.jpg\",\"width\":1920,\"height\":1080},{\"@type\":\"BreadcrumbList\",\"@id\":\"https:\/\/www.letelegraphe.com\/wp\/2021\/03\/05\/reckya-madougou-placee-sous-mandat-de-depot\/#breadcrumb\",\"itemListElement\":[{\"@type\":\"ListItem\",\"position\":1,\"name\":\"Accueil\",\"item\":\"https:\/\/www.letelegraphe.com\/wp\/\"},{\"@type\":\"ListItem\",\"position\":2,\"name\":\"Reckya Madougou plac\u00e9e sous mandat de d\u00e9p\u00f4t.\"}]},{\"@type\":\"WebSite\",\"@id\":\"https:\/\/www.letelegraphe.com\/wp\/#website\",\"url\":\"https:\/\/www.letelegraphe.com\/wp\/\",\"name\":\"Letelegraphe.com\",\"description\":\"Site d&#039;actualit\u00e9s\",\"publisher\":{\"@id\":\"https:\/\/www.letelegraphe.com\/wp\/#organization\"},\"potentialAction\":[{\"@type\":\"SearchAction\",\"target\":{\"@type\":\"EntryPoint\",\"urlTemplate\":\"https:\/\/www.letelegraphe.com\/wp\/?s={search_term_string}\"},\"query-input\":{\"@type\":\"PropertyValueSpecification\",\"valueRequired\":true,\"valueName\":\"search_term_string\"}}],\"inLanguage\":\"fr-FR\"},{\"@type\":\"Organization\",\"@id\":\"https:\/\/www.letelegraphe.com\/wp\/#organization\",\"name\":\"Letelegraphe.com\",\"url\":\"https:\/\/www.letelegraphe.com\/wp\/\",\"logo\":{\"@type\":\"ImageObject\",\"inLanguage\":\"fr-FR\",\"@id\":\"https:\/\/www.letelegraphe.com\/wp\/#\/schema\/logo\/image\/\",\"url\":\"https:\/\/www.letelegraphe.com\/wp\/wp-content\/uploads\/2021\/01\/cropped-logo_an24_tr.png\",\"contentUrl\":\"https:\/\/www.letelegraphe.com\/wp\/wp-content\/uploads\/2021\/01\/cropped-logo_an24_tr.png\",\"width\":400,\"height\":100,\"caption\":\"Letelegraphe.com\"},\"image\":{\"@id\":\"https:\/\/www.letelegraphe.com\/wp\/#\/schema\/logo\/image\/\"}},{\"@type\":\"Person\",\"@id\":\"https:\/\/www.letelegraphe.com\/wp\/#\/schema\/person\/157b034500a34f201fcd0527b9e0ca3e\",\"name\":\"Le T\u00e9l\u00e9graphe\",\"image\":{\"@type\":\"ImageObject\",\"inLanguage\":\"fr-FR\",\"@id\":\"https:\/\/www.letelegraphe.com\/wp\/#\/schema\/person\/image\/\",\"url\":\"https:\/\/secure.gravatar.com\/avatar\/8d896174d74e318013154a042fdbf8d608b0679d610850b1dde354cca267c74f?s=96&d=mm&r=g\",\"contentUrl\":\"https:\/\/secure.gravatar.com\/avatar\/8d896174d74e318013154a042fdbf8d608b0679d610850b1dde354cca267c74f?s=96&d=mm&r=g\",\"caption\":\"Le T\u00e9l\u00e9graphe\"},\"sameAs\":[\"https:\/\/www.letelegraphe.com\",\"https:\/\/www.facebook.com\/afriqueN24\",\"https:\/\/x.com\/afriqueN24\"],\"url\":\"https:\/\/www.letelegraphe.com\/wp\/author\/ltgadmin\/\"}]}<\/script>\n<!-- \/ Yoast SEO plugin. -->","yoast_head_json":{"title":"Reckya Madougou plac\u00e9e sous mandat de d\u00e9p\u00f4t. - Letelegraphe.com","robots":{"index":"index","follow":"follow","max-snippet":"max-snippet:-1","max-image-preview":"max-image-preview:large","max-video-preview":"max-video-preview:-1"},"canonical":"https:\/\/www.letelegraphe.com\/wp\/2021\/03\/05\/reckya-madougou-placee-sous-mandat-de-depot\/","og_locale":"fr_FR","og_type":"article","og_title":"Reckya Madougou plac\u00e9e sous mandat de d\u00e9p\u00f4t. - Letelegraphe.com","og_description":"La candidate du parti \u00ab Les D\u00e9mocrates \u00bb, Reckya Madougou ne b\u00e9n\u00e9ficiera pas d\u2019aussi t\u00f4t...","og_url":"https:\/\/www.letelegraphe.com\/wp\/2021\/03\/05\/reckya-madougou-placee-sous-mandat-de-depot\/","og_site_name":"Letelegraphe.com","article_author":"https:\/\/www.facebook.com\/afriqueN24","article_published_time":"2021-03-05T22:31:58+00:00","article_modified_time":"2021-03-05T23:15:02+00:00","og_image":[{"width":1920,"height":1080,"url":"https:\/\/www.letelegraphe.com\/wp\/wp-content\/uploads\/2021\/03\/TITRE_119.jpg","type":"image\/jpeg"}],"author":"Le T\u00e9l\u00e9graphe","twitter_card":"summary_large_image","twitter_creator":"@afriqueN24","twitter_misc":{"\u00c9crit par":"Le T\u00e9l\u00e9graphe","Dur\u00e9e de lecture estim\u00e9e":"1 minute"},"schema":{"@context":"https:\/\/schema.org","@graph":[{"@type":"Article","@id":"https:\/\/www.letelegraphe.com\/wp\/2021\/03\/05\/reckya-madougou-placee-sous-mandat-de-depot\/#article","isPartOf":{"@id":"https:\/\/www.letelegraphe.com\/wp\/2021\/03\/05\/reckya-madougou-placee-sous-mandat-de-depot\/"},"author":{"name":"Le T\u00e9l\u00e9graphe","@id":"https:\/\/www.letelegraphe.com\/wp\/#\/schema\/person\/157b034500a34f201fcd0527b9e0ca3e"},"headline":"Reckya Madougou plac\u00e9e sous mandat de d\u00e9p\u00f4t.","datePublished":"2021-03-05T22:31:58+00:00","dateModified":"2021-03-05T23:15:02+00:00","mainEntityOfPage":{"@id":"https:\/\/www.letelegraphe.com\/wp\/2021\/03\/05\/reckya-madougou-placee-sous-mandat-de-depot\/"},"wordCount":203,"publisher":{"@id":"https:\/\/www.letelegraphe.com\/wp\/#organization"},"image":{"@id":"https:\/\/www.letelegraphe.com\/wp\/2021\/03\/05\/reckya-madougou-placee-sous-mandat-de-depot\/#primaryimage"},"thumbnailUrl":"https:\/\/www.letelegraphe.com\/wp\/wp-content\/uploads\/2021\/03\/TITRE_119.jpg","articleSection":["BENIN","INTERNATIONAL"],"inLanguage":"fr-FR"},{"@type":"WebPage","@id":"https:\/\/www.letelegraphe.com\/wp\/2021\/03\/05\/reckya-madougou-placee-sous-mandat-de-depot\/","url":"https:\/\/www.letelegraphe.com\/wp\/2021\/03\/05\/reckya-madougou-placee-sous-mandat-de-depot\/","name":"Reckya Madougou plac\u00e9e sous mandat de d\u00e9p\u00f4t. - Letelegraphe.com","isPartOf":{"@id":"https:\/\/www.letelegraphe.com\/wp\/#website"},"primaryImageOfPage":{"@id":"https:\/\/www.letelegraphe.com\/wp\/2021\/03\/05\/reckya-madougou-placee-sous-mandat-de-depot\/#primaryimage"},"image":{"@id":"https:\/\/www.letelegraphe.com\/wp\/2021\/03\/05\/reckya-madougou-placee-sous-mandat-de-depot\/#primaryimage"},"thumbnailUrl":"https:\/\/www.letelegraphe.com\/wp\/wp-content\/uploads\/2021\/03\/TITRE_119.jpg","datePublished":"2021-03-05T22:31:58+00:00","dateModified":"2021-03-05T23:15:02+00:00","breadcrumb":{"@id":"https:\/\/www.letelegraphe.com\/wp\/2021\/03\/05\/reckya-madougou-placee-sous-mandat-de-depot\/#breadcrumb"},"inLanguage":"fr-FR","potentialAction":[{"@type":"ReadAction","target":["https:\/\/www.letelegraphe.com\/wp\/2021\/03\/05\/reckya-madougou-placee-sous-mandat-de-depot\/"]}]},{"@type":"ImageObject","inLanguage":"fr-FR","@id":"https:\/\/www.letelegraphe.com\/wp\/2021\/03\/05\/reckya-madougou-placee-sous-mandat-de-depot\/#primaryimage","url":"https:\/\/www.letelegraphe.com\/wp\/wp-content\/uploads\/2021\/03\/TITRE_119.jpg","contentUrl":"https:\/\/www.letelegraphe.com\/wp\/wp-content\/uploads\/2021\/03\/TITRE_119.jpg","width":1920,"height":1080},{"@type":"BreadcrumbList","@id":"https:\/\/www.letelegraphe.com\/wp\/2021\/03\/05\/reckya-madougou-placee-sous-mandat-de-depot\/#breadcrumb","itemListElement":[{"@type":"ListItem","position":1,"name":"Accueil","item":"https:\/\/www.letelegraphe.com\/wp\/"},{"@type":"ListItem","position":2,"name":"Reckya Madougou plac\u00e9e sous mandat de d\u00e9p\u00f4t."}]},{"@type":"WebSite","@id":"https:\/\/www.letelegraphe.com\/wp\/#website","url":"https:\/\/www.letelegraphe.com\/wp\/","name":"Letelegraphe.com","description":"Site d&#039;actualit\u00e9s","publisher":{"@id":"https:\/\/www.letelegraphe.com\/wp\/#organization"},"potentialAction":[{"@type":"SearchAction","target":{"@type":"EntryPoint","urlTemplate":"https:\/\/www.letelegraphe.com\/wp\/?s={search_term_string}"},"query-input":{"@type":"PropertyValueSpecification","valueRequired":true,"valueName":"search_term_string"}}],"inLanguage":"fr-FR"},{"@type":"Organization","@id":"https:\/\/www.letelegraphe.com\/wp\/#organization","name":"Letelegraphe.com","url":"https:\/\/www.letelegraphe.com\/wp\/","logo":{"@type":"ImageObject","inLanguage":"fr-FR","@id":"https:\/\/www.letelegraphe.com\/wp\/#\/schema\/logo\/image\/","url":"https:\/\/www.letelegraphe.com\/wp\/wp-content\/uploads\/2021\/01\/cropped-logo_an24_tr.png","contentUrl":"https:\/\/www.letelegraphe.com\/wp\/wp-content\/uploads\/2021\/01\/cropped-logo_an24_tr.png","width":400,"height":100,"caption":"Letelegraphe.com"},"image":{"@id":"https:\/\/www.letelegraphe.com\/wp\/#\/schema\/logo\/image\/"}},{"@type":"Person","@id":"https:\/\/www.letelegraphe.com\/wp\/#\/schema\/person\/157b034500a34f201fcd0527b9e0ca3e","name":"Le T\u00e9l\u00e9graphe","image":{"@type":"ImageObject","inLanguage":"fr-FR","@id":"https:\/\/www.letelegraphe.com\/wp\/#\/schema\/person\/image\/","url":"https:\/\/secure.gravatar.com\/avatar\/8d896174d74e318013154a042fdbf8d608b0679d610850b1dde354cca267c74f?s=96&d=mm&r=g","contentUrl":"https:\/\/secure.gravatar.com\/avatar\/8d896174d74e318013154a042fdbf8d608b0679d610850b1dde354cca267c74f?s=96&d=mm&r=g","caption":"Le T\u00e9l\u00e9graphe"},"sameAs":["https:\/\/www.letelegraphe.com","https:\/\/www.facebook.com\/afriqueN24","https:\/\/x.com\/afriqueN24"],"url":"https:\/\/www.letelegraphe.com\/wp\/author\/ltgadmin\/"}]}},"featured_image_urls":{"full":["https:\/\/www.letelegraphe.com\/wp\/wp-content\/uploads\/2021\/03\/TITRE_119.jpg",1920,1080,false],"thumbnail":["https:\/\/www.letelegraphe.com\/wp\/wp-content\/uploads\/2021\/03\/TITRE_119-150x150.jpg",150,150,true],"medium":["https:\/\/www.letelegraphe.com\/wp\/wp-content\/uploads\/2021\/03\/TITRE_119-300x169.jpg",300,169,true],"medium_large":["https:\/\/www.letelegraphe.com\/wp\/wp-content\/uploads\/2021\/03\/TITRE_119-768x432.jpg",640,360,true],"large":["https:\/\/www.letelegraphe.com\/wp\/wp-content\/uploads\/2021\/03\/TITRE_119-1024x576.jpg",640,360,true],"1536x1536":["https:\/\/www.letelegraphe.com\/wp\/wp-content\/uploads\/2021\/03\/TITRE_119-1536x864.jpg",1536,864,true],"2048x2048":["https:\/\/www.letelegraphe.com\/wp\/wp-content\/uploads\/2021\/03\/TITRE_119.jpg",1920,1080,false],"newsphere-slider-full":["https:\/\/www.letelegraphe.com\/wp\/wp-content\/uploads\/2021\/03\/TITRE_119-1280x720.jpg",1280,720,true],"newsphere-featured":["https:\/\/www.letelegraphe.com\/wp\/wp-content\/uploads\/2021\/03\/TITRE_119-1024x576.jpg",1024,576,true],"newsphere-medium":["https:\/\/www.letelegraphe.com\/wp\/wp-content\/uploads\/2021\/03\/TITRE_119-720x380.jpg",720,380,true]},"author_info":{"display_name":"Le T\u00e9l\u00e9graphe","author_link":"https:\/\/www.letelegraphe.com\/wp\/author\/ltgadmin\/"},"category_info":"<a href=\"https:\/\/www.letelegraphe.com\/wp\/category\/international\/benin\/\" rel=\"category tag\">BENIN<\/a> <a href=\"https:\/\/www.letelegraphe.com\/wp\/category\/international\/\" rel=\"category tag\">INTERNATIONAL<\/a>","tag_info":"INTERNATIONAL","comment_count":"0","_links":{"self":[{"href":"https:\/\/www.letelegraphe.com\/wp\/wp-json\/wp\/v2\/posts\/1116","targetHints":{"allow":["GET"]}}],"collection":[{"href":"https:\/\/www.letelegraphe.com\/wp\/wp-json\/wp\/v2\/posts"}],"about":[{"href":"https:\/\/www.letelegraphe.com\/wp\/wp-json\/wp\/v2\/types\/post"}],"author":[{"embeddable":true,"href":"https:\/\/www.letelegraphe.com\/wp\/wp-json\/wp\/v2\/users\/1"}],"replies":[{"embeddable":true,"href":"https:\/\/www.letelegraphe.com\/wp\/wp-json\/wp\/v2\/comments?post=1116"}],"version-history":[{"count":3,"href":"https:\/\/www.letelegraphe.com\/wp\/wp-json\/wp\/v2\/posts\/1116\/revisions"}],"predecessor-version":[{"id":1120,"href":"https:\/\/www.letelegraphe.com\/wp\/wp-json\/wp\/v2\/posts\/1116\/revisions\/1120"}],"wp:featuredmedia":[{"embeddable":true,"href":"https:\/\/www.letelegraphe.com\/wp\/wp-json\/wp\/v2\/media\/1117"}],"wp:attachment":[{"href":"https:\/\/www.letelegraphe.com\/wp\/wp-json\/wp\/v2\/media?parent=1116"}],"wp:term":[{"taxonomy":"category","embeddable":true,"href":"https:\/\/www.letelegraphe.com\/wp\/wp-json\/wp\/v2\/categories?post=1116"},{"taxonomy":"post_tag","embeddable":true,"href":"https:\/\/www.letelegraphe.com\/wp\/wp-json\/wp\/v2\/tags?post=1116"}],"curies":[{"name":"wp","href":"https:\/\/api.w.org\/{rel}","templated":true}]}}