{"id":1252,"date":"2021-03-16T17:28:42","date_gmt":"2021-03-16T16:28:42","guid":{"rendered":"https:\/\/www.letelegraphe.com\/wp\/?p=1252"},"modified":"2021-03-16T17:28:43","modified_gmt":"2021-03-16T16:28:43","slug":"les-chiens-de-joe-biden-ont-ete-renvoyes-de-la-maison-blanche-a-cause-dun-incident-de-morsure","status":"publish","type":"post","link":"https:\/\/www.letelegraphe.com\/wp\/2021\/03\/16\/les-chiens-de-joe-biden-ont-ete-renvoyes-de-la-maison-blanche-a-cause-dun-incident-de-morsure\/","title":{"rendered":"Les chiens de Joe Biden ont \u00e9t\u00e9 renvoy\u00e9s de la Maison Blanche \u00e0 cause d\u2019un \u00abincident de morsure\u00bb"},"content":{"rendered":"\n<p>Si Donald Trump ne poss\u00e9dait pas d\u2019animaux \u00e0 la Maison Blanche, Joe Biden avait ravi les amoureux des chiens en emmenant ses deux bergers allemands avec lui au moment de sa prise de fonction en tant que Pr\u00e9sident des \u00c9tats-Unis. <br><br>Champ, 13 ans, et Major, 3 ans, vivaient ainsi depuis le mois de janvier avec le couple pr\u00e9sidentiel \u00e0 la Maison Blanche. Major \u00e9tait d\u2019ailleurs le premier chien provenant d\u2019un refuge \u00e0 y avoir v\u00e9cu.<\/p>\n\n\n\n<p>Mais selon CNN, ce dernier aurait eu des comportements agressifs, en sautant, aboyant et chargeant le personnel et les agents de s\u00e9curit\u00e9 du lieu, rapporte 7sur7. Deux sources anonymes ont notamment \u00e9voqu\u00e9 un \u00ab un incident de morsure \u00bb. <br><br>Il n\u2019a pas \u00e9t\u00e9 pr\u00e9cis\u00e9 s\u2019il y avait eu des bless\u00e9s mais l\u2019\u00e9v\u00e9nement a \u00e9t\u00e9 consid\u00e9r\u00e9 comme \u00e9tant assez grave tout de m\u00eame puisque Joe Biden a renvoy\u00e9 ses deux chiens \u00e0 son domicile de Wilmington, dans l\u2019\u00c9tat du Delaware.<\/p>\n\n\n\n<p>Quant \u00e0 savoir si les animaux de compagnie pourront ou non revenir \u00e0 la Maison Blanche dans le futur, cela n\u2019a pas non plus \u00e9t\u00e9 pr\u00e9cis\u00e9. Le mois dernier, la Premi\u00e8re dame Jill Biden avait \u00e9voqu\u00e9 sur NBC sa pr\u00e9occupation li\u00e9e \u00e0 l\u2019installation des chiens \u00e0 Washington. \u00ab Ils doivent prendre l\u2019ascenseur, auquel ils ne sont pas habitu\u00e9s, et ils doivent sortir sur la pelouse sud avec beaucoup de gens qui les regardent. C\u2019est donc ce qui m\u2019obs\u00e8de : que tout le monde s\u2019installe et reste calme \u00bb, avait-elle expliqu\u00e9.<\/p>\n\n\n\n<p><\/p>\n\n\n\n<p><strong><em>Gerard Arouet<\/em><\/strong><\/p>\n","protected":false},"excerpt":{"rendered":"<p>Si Donald Trump ne poss\u00e9dait pas d\u2019animaux \u00e0 la Maison Blanche, Joe Biden avait ravi&#8230;<\/p>\n","protected":false},"author":1,"featured_media":1254,"comment_status":"closed","ping_status":"open","sticky":false,"template":"","format":"standard","meta":{"sfsi_plus_gutenberg_text_before_share":"","sfsi_plus_gutenberg_show_text_before_share":"","sfsi_plus_gutenberg_icon_type":"","sfsi_plus_gutenberg_icon_alignemt":"","sfsi_plus_gutenburg_max_per_row":"","footnotes":""},"categories":[4],"tags":[],"class_list":["post-1252","post","type-post","status-publish","format-standard","has-post-thumbnail","hentry","category-international"],"yoast_head":"<!-- This site is optimized with the Yoast SEO plugin v26.0 - https:\/\/yoast.com\/wordpress\/plugins\/seo\/ -->\n<title>Les chiens de Joe Biden ont \u00e9t\u00e9 renvoy\u00e9s de la Maison Blanche \u00e0 cause d\u2019un \u00abincident de morsure\u00bb - Letelegraphe.com<\/title>\n<meta name=\"robots\" content=\"index, follow, max-snippet:-1, max-image-preview:large, max-video-preview:-1\" \/>\n<link rel=\"canonical\" href=\"https:\/\/www.letelegraphe.com\/wp\/2021\/03\/16\/les-chiens-de-joe-biden-ont-ete-renvoyes-de-la-maison-blanche-a-cause-dun-incident-de-morsure\/\" \/>\n<meta property=\"og:locale\" content=\"fr_FR\" \/>\n<meta property=\"og:type\" content=\"article\" \/>\n<meta property=\"og:title\" content=\"Les chiens de Joe Biden ont \u00e9t\u00e9 renvoy\u00e9s de la Maison Blanche \u00e0 cause d\u2019un \u00abincident de morsure\u00bb - Letelegraphe.com\" \/>\n<meta property=\"og:description\" content=\"Si Donald Trump ne poss\u00e9dait pas d\u2019animaux \u00e0 la Maison Blanche, Joe Biden avait ravi...\" \/>\n<meta property=\"og:url\" content=\"https:\/\/www.letelegraphe.com\/wp\/2021\/03\/16\/les-chiens-de-joe-biden-ont-ete-renvoyes-de-la-maison-blanche-a-cause-dun-incident-de-morsure\/\" \/>\n<meta property=\"og:site_name\" content=\"Letelegraphe.com\" \/>\n<meta property=\"article:author\" content=\"https:\/\/www.facebook.com\/afriqueN24\" \/>\n<meta property=\"article:published_time\" content=\"2021-03-16T16:28:42+00:00\" \/>\n<meta property=\"article:modified_time\" content=\"2021-03-16T16:28:43+00:00\" \/>\n<meta property=\"og:image\" content=\"https:\/\/www.letelegraphe.com\/wp\/wp-content\/uploads\/2021\/03\/TITRE_142.jpg\" \/>\n\t<meta property=\"og:image:width\" content=\"1920\" \/>\n\t<meta property=\"og:image:height\" content=\"1080\" \/>\n\t<meta property=\"og:image:type\" content=\"image\/jpeg\" \/>\n<meta name=\"author\" content=\"Le T\u00e9l\u00e9graphe\" \/>\n<meta name=\"twitter:card\" content=\"summary_large_image\" \/>\n<meta name=\"twitter:creator\" content=\"@afriqueN24\" \/>\n<meta name=\"twitter:label1\" content=\"\u00c9crit par\" \/>\n\t<meta name=\"twitter:data1\" content=\"Le T\u00e9l\u00e9graphe\" \/>\n\t<meta name=\"twitter:label2\" content=\"Dur\u00e9e de lecture estim\u00e9e\" \/>\n\t<meta name=\"twitter:data2\" content=\"2 minutes\" \/>\n<script type=\"application\/ld+json\" class=\"yoast-schema-graph\">{\"@context\":\"https:\/\/schema.org\",\"@graph\":[{\"@type\":\"Article\",\"@id\":\"https:\/\/www.letelegraphe.com\/wp\/2021\/03\/16\/les-chiens-de-joe-biden-ont-ete-renvoyes-de-la-maison-blanche-a-cause-dun-incident-de-morsure\/#article\",\"isPartOf\":{\"@id\":\"https:\/\/www.letelegraphe.com\/wp\/2021\/03\/16\/les-chiens-de-joe-biden-ont-ete-renvoyes-de-la-maison-blanche-a-cause-dun-incident-de-morsure\/\"},\"author\":{\"name\":\"Le T\u00e9l\u00e9graphe\",\"@id\":\"https:\/\/www.letelegraphe.com\/wp\/#\/schema\/person\/157b034500a34f201fcd0527b9e0ca3e\"},\"headline\":\"Les chiens de Joe Biden ont \u00e9t\u00e9 renvoy\u00e9s de la Maison Blanche \u00e0 cause d\u2019un \u00abincident de morsure\u00bb\",\"datePublished\":\"2021-03-16T16:28:42+00:00\",\"dateModified\":\"2021-03-16T16:28:43+00:00\",\"mainEntityOfPage\":{\"@id\":\"https:\/\/www.letelegraphe.com\/wp\/2021\/03\/16\/les-chiens-de-joe-biden-ont-ete-renvoyes-de-la-maison-blanche-a-cause-dun-incident-de-morsure\/\"},\"wordCount\":279,\"publisher\":{\"@id\":\"https:\/\/www.letelegraphe.com\/wp\/#organization\"},\"image\":{\"@id\":\"https:\/\/www.letelegraphe.com\/wp\/2021\/03\/16\/les-chiens-de-joe-biden-ont-ete-renvoyes-de-la-maison-blanche-a-cause-dun-incident-de-morsure\/#primaryimage\"},\"thumbnailUrl\":\"https:\/\/www.letelegraphe.com\/wp\/wp-content\/uploads\/2021\/03\/TITRE_142.jpg\",\"articleSection\":[\"INTERNATIONAL\"],\"inLanguage\":\"fr-FR\"},{\"@type\":\"WebPage\",\"@id\":\"https:\/\/www.letelegraphe.com\/wp\/2021\/03\/16\/les-chiens-de-joe-biden-ont-ete-renvoyes-de-la-maison-blanche-a-cause-dun-incident-de-morsure\/\",\"url\":\"https:\/\/www.letelegraphe.com\/wp\/2021\/03\/16\/les-chiens-de-joe-biden-ont-ete-renvoyes-de-la-maison-blanche-a-cause-dun-incident-de-morsure\/\",\"name\":\"Les chiens de Joe Biden ont \u00e9t\u00e9 renvoy\u00e9s de la Maison Blanche \u00e0 cause d\u2019un \u00abincident de morsure\u00bb - Letelegraphe.com\",\"isPartOf\":{\"@id\":\"https:\/\/www.letelegraphe.com\/wp\/#website\"},\"primaryImageOfPage\":{\"@id\":\"https:\/\/www.letelegraphe.com\/wp\/2021\/03\/16\/les-chiens-de-joe-biden-ont-ete-renvoyes-de-la-maison-blanche-a-cause-dun-incident-de-morsure\/#primaryimage\"},\"image\":{\"@id\":\"https:\/\/www.letelegraphe.com\/wp\/2021\/03\/16\/les-chiens-de-joe-biden-ont-ete-renvoyes-de-la-maison-blanche-a-cause-dun-incident-de-morsure\/#primaryimage\"},\"thumbnailUrl\":\"https:\/\/www.letelegraphe.com\/wp\/wp-content\/uploads\/2021\/03\/TITRE_142.jpg\",\"datePublished\":\"2021-03-16T16:28:42+00:00\",\"dateModified\":\"2021-03-16T16:28:43+00:00\",\"breadcrumb\":{\"@id\":\"https:\/\/www.letelegraphe.com\/wp\/2021\/03\/16\/les-chiens-de-joe-biden-ont-ete-renvoyes-de-la-maison-blanche-a-cause-dun-incident-de-morsure\/#breadcrumb\"},\"inLanguage\":\"fr-FR\",\"potentialAction\":[{\"@type\":\"ReadAction\",\"target\":[\"https:\/\/www.letelegraphe.com\/wp\/2021\/03\/16\/les-chiens-de-joe-biden-ont-ete-renvoyes-de-la-maison-blanche-a-cause-dun-incident-de-morsure\/\"]}]},{\"@type\":\"ImageObject\",\"inLanguage\":\"fr-FR\",\"@id\":\"https:\/\/www.letelegraphe.com\/wp\/2021\/03\/16\/les-chiens-de-joe-biden-ont-ete-renvoyes-de-la-maison-blanche-a-cause-dun-incident-de-morsure\/#primaryimage\",\"url\":\"https:\/\/www.letelegraphe.com\/wp\/wp-content\/uploads\/2021\/03\/TITRE_142.jpg\",\"contentUrl\":\"https:\/\/www.letelegraphe.com\/wp\/wp-content\/uploads\/2021\/03\/TITRE_142.jpg\",\"width\":1920,\"height\":1080},{\"@type\":\"BreadcrumbList\",\"@id\":\"https:\/\/www.letelegraphe.com\/wp\/2021\/03\/16\/les-chiens-de-joe-biden-ont-ete-renvoyes-de-la-maison-blanche-a-cause-dun-incident-de-morsure\/#breadcrumb\",\"itemListElement\":[{\"@type\":\"ListItem\",\"position\":1,\"name\":\"Accueil\",\"item\":\"https:\/\/www.letelegraphe.com\/wp\/\"},{\"@type\":\"ListItem\",\"position\":2,\"name\":\"Les chiens de Joe Biden ont \u00e9t\u00e9 renvoy\u00e9s de la Maison Blanche \u00e0 cause d\u2019un \u00abincident de morsure\u00bb\"}]},{\"@type\":\"WebSite\",\"@id\":\"https:\/\/www.letelegraphe.com\/wp\/#website\",\"url\":\"https:\/\/www.letelegraphe.com\/wp\/\",\"name\":\"Letelegraphe.com\",\"description\":\"Site d&#039;actualit\u00e9s\",\"publisher\":{\"@id\":\"https:\/\/www.letelegraphe.com\/wp\/#organization\"},\"potentialAction\":[{\"@type\":\"SearchAction\",\"target\":{\"@type\":\"EntryPoint\",\"urlTemplate\":\"https:\/\/www.letelegraphe.com\/wp\/?s={search_term_string}\"},\"query-input\":{\"@type\":\"PropertyValueSpecification\",\"valueRequired\":true,\"valueName\":\"search_term_string\"}}],\"inLanguage\":\"fr-FR\"},{\"@type\":\"Organization\",\"@id\":\"https:\/\/www.letelegraphe.com\/wp\/#organization\",\"name\":\"Letelegraphe.com\",\"url\":\"https:\/\/www.letelegraphe.com\/wp\/\",\"logo\":{\"@type\":\"ImageObject\",\"inLanguage\":\"fr-FR\",\"@id\":\"https:\/\/www.letelegraphe.com\/wp\/#\/schema\/logo\/image\/\",\"url\":\"https:\/\/www.letelegraphe.com\/wp\/wp-content\/uploads\/2021\/01\/cropped-logo_an24_tr.png\",\"contentUrl\":\"https:\/\/www.letelegraphe.com\/wp\/wp-content\/uploads\/2021\/01\/cropped-logo_an24_tr.png\",\"width\":400,\"height\":100,\"caption\":\"Letelegraphe.com\"},\"image\":{\"@id\":\"https:\/\/www.letelegraphe.com\/wp\/#\/schema\/logo\/image\/\"}},{\"@type\":\"Person\",\"@id\":\"https:\/\/www.letelegraphe.com\/wp\/#\/schema\/person\/157b034500a34f201fcd0527b9e0ca3e\",\"name\":\"Le T\u00e9l\u00e9graphe\",\"image\":{\"@type\":\"ImageObject\",\"inLanguage\":\"fr-FR\",\"@id\":\"https:\/\/www.letelegraphe.com\/wp\/#\/schema\/person\/image\/\",\"url\":\"https:\/\/secure.gravatar.com\/avatar\/8d896174d74e318013154a042fdbf8d608b0679d610850b1dde354cca267c74f?s=96&d=mm&r=g\",\"contentUrl\":\"https:\/\/secure.gravatar.com\/avatar\/8d896174d74e318013154a042fdbf8d608b0679d610850b1dde354cca267c74f?s=96&d=mm&r=g\",\"caption\":\"Le T\u00e9l\u00e9graphe\"},\"sameAs\":[\"https:\/\/www.letelegraphe.com\",\"https:\/\/www.facebook.com\/afriqueN24\",\"https:\/\/x.com\/afriqueN24\"],\"url\":\"https:\/\/www.letelegraphe.com\/wp\/author\/ltgadmin\/\"}]}<\/script>\n<!-- \/ Yoast SEO plugin. -->","yoast_head_json":{"title":"Les chiens de Joe Biden ont \u00e9t\u00e9 renvoy\u00e9s de la Maison Blanche \u00e0 cause d\u2019un \u00abincident de morsure\u00bb - Letelegraphe.com","robots":{"index":"index","follow":"follow","max-snippet":"max-snippet:-1","max-image-preview":"max-image-preview:large","max-video-preview":"max-video-preview:-1"},"canonical":"https:\/\/www.letelegraphe.com\/wp\/2021\/03\/16\/les-chiens-de-joe-biden-ont-ete-renvoyes-de-la-maison-blanche-a-cause-dun-incident-de-morsure\/","og_locale":"fr_FR","og_type":"article","og_title":"Les chiens de Joe Biden ont \u00e9t\u00e9 renvoy\u00e9s de la Maison Blanche \u00e0 cause d\u2019un \u00abincident de morsure\u00bb - Letelegraphe.com","og_description":"Si Donald Trump ne poss\u00e9dait pas d\u2019animaux \u00e0 la Maison Blanche, Joe Biden avait ravi...","og_url":"https:\/\/www.letelegraphe.com\/wp\/2021\/03\/16\/les-chiens-de-joe-biden-ont-ete-renvoyes-de-la-maison-blanche-a-cause-dun-incident-de-morsure\/","og_site_name":"Letelegraphe.com","article_author":"https:\/\/www.facebook.com\/afriqueN24","article_published_time":"2021-03-16T16:28:42+00:00","article_modified_time":"2021-03-16T16:28:43+00:00","og_image":[{"width":1920,"height":1080,"url":"https:\/\/www.letelegraphe.com\/wp\/wp-content\/uploads\/2021\/03\/TITRE_142.jpg","type":"image\/jpeg"}],"author":"Le T\u00e9l\u00e9graphe","twitter_card":"summary_large_image","twitter_creator":"@afriqueN24","twitter_misc":{"\u00c9crit par":"Le T\u00e9l\u00e9graphe","Dur\u00e9e de lecture estim\u00e9e":"2 minutes"},"schema":{"@context":"https:\/\/schema.org","@graph":[{"@type":"Article","@id":"https:\/\/www.letelegraphe.com\/wp\/2021\/03\/16\/les-chiens-de-joe-biden-ont-ete-renvoyes-de-la-maison-blanche-a-cause-dun-incident-de-morsure\/#article","isPartOf":{"@id":"https:\/\/www.letelegraphe.com\/wp\/2021\/03\/16\/les-chiens-de-joe-biden-ont-ete-renvoyes-de-la-maison-blanche-a-cause-dun-incident-de-morsure\/"},"author":{"name":"Le T\u00e9l\u00e9graphe","@id":"https:\/\/www.letelegraphe.com\/wp\/#\/schema\/person\/157b034500a34f201fcd0527b9e0ca3e"},"headline":"Les chiens de Joe Biden ont \u00e9t\u00e9 renvoy\u00e9s de la Maison Blanche \u00e0 cause d\u2019un \u00abincident de morsure\u00bb","datePublished":"2021-03-16T16:28:42+00:00","dateModified":"2021-03-16T16:28:43+00:00","mainEntityOfPage":{"@id":"https:\/\/www.letelegraphe.com\/wp\/2021\/03\/16\/les-chiens-de-joe-biden-ont-ete-renvoyes-de-la-maison-blanche-a-cause-dun-incident-de-morsure\/"},"wordCount":279,"publisher":{"@id":"https:\/\/www.letelegraphe.com\/wp\/#organization"},"image":{"@id":"https:\/\/www.letelegraphe.com\/wp\/2021\/03\/16\/les-chiens-de-joe-biden-ont-ete-renvoyes-de-la-maison-blanche-a-cause-dun-incident-de-morsure\/#primaryimage"},"thumbnailUrl":"https:\/\/www.letelegraphe.com\/wp\/wp-content\/uploads\/2021\/03\/TITRE_142.jpg","articleSection":["INTERNATIONAL"],"inLanguage":"fr-FR"},{"@type":"WebPage","@id":"https:\/\/www.letelegraphe.com\/wp\/2021\/03\/16\/les-chiens-de-joe-biden-ont-ete-renvoyes-de-la-maison-blanche-a-cause-dun-incident-de-morsure\/","url":"https:\/\/www.letelegraphe.com\/wp\/2021\/03\/16\/les-chiens-de-joe-biden-ont-ete-renvoyes-de-la-maison-blanche-a-cause-dun-incident-de-morsure\/","name":"Les chiens de Joe Biden ont \u00e9t\u00e9 renvoy\u00e9s de la Maison Blanche \u00e0 cause d\u2019un \u00abincident de morsure\u00bb - Letelegraphe.com","isPartOf":{"@id":"https:\/\/www.letelegraphe.com\/wp\/#website"},"primaryImageOfPage":{"@id":"https:\/\/www.letelegraphe.com\/wp\/2021\/03\/16\/les-chiens-de-joe-biden-ont-ete-renvoyes-de-la-maison-blanche-a-cause-dun-incident-de-morsure\/#primaryimage"},"image":{"@id":"https:\/\/www.letelegraphe.com\/wp\/2021\/03\/16\/les-chiens-de-joe-biden-ont-ete-renvoyes-de-la-maison-blanche-a-cause-dun-incident-de-morsure\/#primaryimage"},"thumbnailUrl":"https:\/\/www.letelegraphe.com\/wp\/wp-content\/uploads\/2021\/03\/TITRE_142.jpg","datePublished":"2021-03-16T16:28:42+00:00","dateModified":"2021-03-16T16:28:43+00:00","breadcrumb":{"@id":"https:\/\/www.letelegraphe.com\/wp\/2021\/03\/16\/les-chiens-de-joe-biden-ont-ete-renvoyes-de-la-maison-blanche-a-cause-dun-incident-de-morsure\/#breadcrumb"},"inLanguage":"fr-FR","potentialAction":[{"@type":"ReadAction","target":["https:\/\/www.letelegraphe.com\/wp\/2021\/03\/16\/les-chiens-de-joe-biden-ont-ete-renvoyes-de-la-maison-blanche-a-cause-dun-incident-de-morsure\/"]}]},{"@type":"ImageObject","inLanguage":"fr-FR","@id":"https:\/\/www.letelegraphe.com\/wp\/2021\/03\/16\/les-chiens-de-joe-biden-ont-ete-renvoyes-de-la-maison-blanche-a-cause-dun-incident-de-morsure\/#primaryimage","url":"https:\/\/www.letelegraphe.com\/wp\/wp-content\/uploads\/2021\/03\/TITRE_142.jpg","contentUrl":"https:\/\/www.letelegraphe.com\/wp\/wp-content\/uploads\/2021\/03\/TITRE_142.jpg","width":1920,"height":1080},{"@type":"BreadcrumbList","@id":"https:\/\/www.letelegraphe.com\/wp\/2021\/03\/16\/les-chiens-de-joe-biden-ont-ete-renvoyes-de-la-maison-blanche-a-cause-dun-incident-de-morsure\/#breadcrumb","itemListElement":[{"@type":"ListItem","position":1,"name":"Accueil","item":"https:\/\/www.letelegraphe.com\/wp\/"},{"@type":"ListItem","position":2,"name":"Les chiens de Joe Biden ont \u00e9t\u00e9 renvoy\u00e9s de la Maison Blanche \u00e0 cause d\u2019un \u00abincident de morsure\u00bb"}]},{"@type":"WebSite","@id":"https:\/\/www.letelegraphe.com\/wp\/#website","url":"https:\/\/www.letelegraphe.com\/wp\/","name":"Letelegraphe.com","description":"Site d&#039;actualit\u00e9s","publisher":{"@id":"https:\/\/www.letelegraphe.com\/wp\/#organization"},"potentialAction":[{"@type":"SearchAction","target":{"@type":"EntryPoint","urlTemplate":"https:\/\/www.letelegraphe.com\/wp\/?s={search_term_string}"},"query-input":{"@type":"PropertyValueSpecification","valueRequired":true,"valueName":"search_term_string"}}],"inLanguage":"fr-FR"},{"@type":"Organization","@id":"https:\/\/www.letelegraphe.com\/wp\/#organization","name":"Letelegraphe.com","url":"https:\/\/www.letelegraphe.com\/wp\/","logo":{"@type":"ImageObject","inLanguage":"fr-FR","@id":"https:\/\/www.letelegraphe.com\/wp\/#\/schema\/logo\/image\/","url":"https:\/\/www.letelegraphe.com\/wp\/wp-content\/uploads\/2021\/01\/cropped-logo_an24_tr.png","contentUrl":"https:\/\/www.letelegraphe.com\/wp\/wp-content\/uploads\/2021\/01\/cropped-logo_an24_tr.png","width":400,"height":100,"caption":"Letelegraphe.com"},"image":{"@id":"https:\/\/www.letelegraphe.com\/wp\/#\/schema\/logo\/image\/"}},{"@type":"Person","@id":"https:\/\/www.letelegraphe.com\/wp\/#\/schema\/person\/157b034500a34f201fcd0527b9e0ca3e","name":"Le T\u00e9l\u00e9graphe","image":{"@type":"ImageObject","inLanguage":"fr-FR","@id":"https:\/\/www.letelegraphe.com\/wp\/#\/schema\/person\/image\/","url":"https:\/\/secure.gravatar.com\/avatar\/8d896174d74e318013154a042fdbf8d608b0679d610850b1dde354cca267c74f?s=96&d=mm&r=g","contentUrl":"https:\/\/secure.gravatar.com\/avatar\/8d896174d74e318013154a042fdbf8d608b0679d610850b1dde354cca267c74f?s=96&d=mm&r=g","caption":"Le T\u00e9l\u00e9graphe"},"sameAs":["https:\/\/www.letelegraphe.com","https:\/\/www.facebook.com\/afriqueN24","https:\/\/x.com\/afriqueN24"],"url":"https:\/\/www.letelegraphe.com\/wp\/author\/ltgadmin\/"}]}},"featured_image_urls":{"full":["https:\/\/www.letelegraphe.com\/wp\/wp-content\/uploads\/2021\/03\/TITRE_142.jpg",1920,1080,false],"thumbnail":["https:\/\/www.letelegraphe.com\/wp\/wp-content\/uploads\/2021\/03\/TITRE_142-150x150.jpg",150,150,true],"medium":["https:\/\/www.letelegraphe.com\/wp\/wp-content\/uploads\/2021\/03\/TITRE_142-300x169.jpg",300,169,true],"medium_large":["https:\/\/www.letelegraphe.com\/wp\/wp-content\/uploads\/2021\/03\/TITRE_142-768x432.jpg",640,360,true],"large":["https:\/\/www.letelegraphe.com\/wp\/wp-content\/uploads\/2021\/03\/TITRE_142-1024x576.jpg",640,360,true],"1536x1536":["https:\/\/www.letelegraphe.com\/wp\/wp-content\/uploads\/2021\/03\/TITRE_142-1536x864.jpg",1536,864,true],"2048x2048":["https:\/\/www.letelegraphe.com\/wp\/wp-content\/uploads\/2021\/03\/TITRE_142.jpg",1920,1080,false],"newsphere-slider-full":["https:\/\/www.letelegraphe.com\/wp\/wp-content\/uploads\/2021\/03\/TITRE_142-1280x720.jpg",1280,720,true],"newsphere-featured":["https:\/\/www.letelegraphe.com\/wp\/wp-content\/uploads\/2021\/03\/TITRE_142-1024x576.jpg",1024,576,true],"newsphere-medium":["https:\/\/www.letelegraphe.com\/wp\/wp-content\/uploads\/2021\/03\/TITRE_142-720x380.jpg",720,380,true]},"author_info":{"display_name":"Le T\u00e9l\u00e9graphe","author_link":"https:\/\/www.letelegraphe.com\/wp\/author\/ltgadmin\/"},"category_info":"<a href=\"https:\/\/www.letelegraphe.com\/wp\/category\/international\/\" rel=\"category tag\">INTERNATIONAL<\/a>","tag_info":"INTERNATIONAL","comment_count":"0","_links":{"self":[{"href":"https:\/\/www.letelegraphe.com\/wp\/wp-json\/wp\/v2\/posts\/1252","targetHints":{"allow":["GET"]}}],"collection":[{"href":"https:\/\/www.letelegraphe.com\/wp\/wp-json\/wp\/v2\/posts"}],"about":[{"href":"https:\/\/www.letelegraphe.com\/wp\/wp-json\/wp\/v2\/types\/post"}],"author":[{"embeddable":true,"href":"https:\/\/www.letelegraphe.com\/wp\/wp-json\/wp\/v2\/users\/1"}],"replies":[{"embeddable":true,"href":"https:\/\/www.letelegraphe.com\/wp\/wp-json\/wp\/v2\/comments?post=1252"}],"version-history":[{"count":1,"href":"https:\/\/www.letelegraphe.com\/wp\/wp-json\/wp\/v2\/posts\/1252\/revisions"}],"predecessor-version":[{"id":1253,"href":"https:\/\/www.letelegraphe.com\/wp\/wp-json\/wp\/v2\/posts\/1252\/revisions\/1253"}],"wp:featuredmedia":[{"embeddable":true,"href":"https:\/\/www.letelegraphe.com\/wp\/wp-json\/wp\/v2\/media\/1254"}],"wp:attachment":[{"href":"https:\/\/www.letelegraphe.com\/wp\/wp-json\/wp\/v2\/media?parent=1252"}],"wp:term":[{"taxonomy":"category","embeddable":true,"href":"https:\/\/www.letelegraphe.com\/wp\/wp-json\/wp\/v2\/categories?post=1252"},{"taxonomy":"post_tag","embeddable":true,"href":"https:\/\/www.letelegraphe.com\/wp\/wp-json\/wp\/v2\/tags?post=1252"}],"curies":[{"name":"wp","href":"https:\/\/api.w.org\/{rel}","templated":true}]}}