{"id":1686,"date":"2021-07-01T02:40:27","date_gmt":"2021-07-01T00:40:27","guid":{"rendered":"https:\/\/www.letelegraphe.com\/wp\/?p=1686"},"modified":"2021-07-01T02:40:29","modified_gmt":"2021-07-01T00:40:29","slug":"abass-bonfoh-est-decede","status":"publish","type":"post","link":"https:\/\/www.letelegraphe.com\/wp\/2021\/07\/01\/abass-bonfoh-est-decede\/","title":{"rendered":"Abass Bonfoh est d\u00e9c\u00e9d\u00e9."},"content":{"rendered":"\n<p>Ancien Pr\u00e9sident de la R\u00e9publique Togolaise suite au d\u00e9c\u00e8s du Gal Gnassingb\u00e9 EYADEMA en 2005 et de l\u2019Asssembl\u00e9e Nationale, Abass Bonfoh a rendu l&rsquo;\u00e2me.<\/p>\n\n\n\n<p>Abass Bonfoh retrait\u00e9 depuis quelques ann\u00e9es de la vie politique, a tir\u00e9 sa r\u00e9v\u00e9rence dans la nuit du 29 au 30 juin 2021.<\/p>\n\n\n\n<p>El-Hadj Abass Bonfoh est n\u00e9 en 1948 \u00e0 Kabou en pays Bassar. Il fut Pr\u00e9sident de la R\u00e9publique togolaise du 25 f\u00e9vrier au 14 mai 2005 avant de retourner \u00e0 ses charges de pr\u00e9sident de l\u2019Assembl\u00e9e nationale.<br>Il a gard\u00e9 le poste de 2005 \u00e0 2013.<\/p>\n\n\n\n<p>Ancien ma\u00eetre d\u2019\u00e9ducation physique, il fut Directeur de la planification de l\u2019\u00e9ducation physique \u00e0 Kara puis \u00e0 Kpalim\u00e9 avant de s\u2019adonner \u00e0 plein temps \u00e0 la politique sous les couleurs du Rassemblement du peuple togolais (RPT) puis de l\u2019Union pour la R\u00e9publique (UNIR, parti au pouvoir).<\/p>\n\n\n\n<p>G\u00e9rard Arouet<\/p>\n","protected":false},"excerpt":{"rendered":"<p>Ancien Pr\u00e9sident de la R\u00e9publique Togolaise suite au d\u00e9c\u00e8s du Gal Gnassingb\u00e9 EYADEMA en 2005&#8230;<\/p>\n","protected":false},"author":1,"featured_media":1685,"comment_status":"closed","ping_status":"open","sticky":false,"template":"","format":"standard","meta":{"sfsi_plus_gutenberg_text_before_share":"","sfsi_plus_gutenberg_show_text_before_share":"","sfsi_plus_gutenberg_icon_type":"","sfsi_plus_gutenberg_icon_alignemt":"","sfsi_plus_gutenburg_max_per_row":"","footnotes":""},"categories":[7,53,5],"tags":[],"class_list":["post-1686","post","type-post","status-publish","format-standard","has-post-thumbnail","hentry","category-politique","category-societe","category-togo"],"yoast_head":"<!-- This site is optimized with the Yoast SEO plugin v26.0 - https:\/\/yoast.com\/wordpress\/plugins\/seo\/ -->\n<title>Abass Bonfoh est d\u00e9c\u00e9d\u00e9. - Letelegraphe.com<\/title>\n<meta name=\"robots\" content=\"index, follow, max-snippet:-1, max-image-preview:large, max-video-preview:-1\" \/>\n<link rel=\"canonical\" href=\"https:\/\/www.letelegraphe.com\/wp\/2021\/07\/01\/abass-bonfoh-est-decede\/\" \/>\n<meta property=\"og:locale\" content=\"fr_FR\" \/>\n<meta property=\"og:type\" content=\"article\" \/>\n<meta property=\"og:title\" content=\"Abass Bonfoh est d\u00e9c\u00e9d\u00e9. - Letelegraphe.com\" \/>\n<meta property=\"og:description\" content=\"Ancien Pr\u00e9sident de la R\u00e9publique Togolaise suite au d\u00e9c\u00e8s du Gal Gnassingb\u00e9 EYADEMA en 2005...\" \/>\n<meta property=\"og:url\" content=\"https:\/\/www.letelegraphe.com\/wp\/2021\/07\/01\/abass-bonfoh-est-decede\/\" \/>\n<meta property=\"og:site_name\" content=\"Letelegraphe.com\" \/>\n<meta property=\"article:author\" content=\"https:\/\/www.facebook.com\/afriqueN24\" \/>\n<meta property=\"article:published_time\" content=\"2021-07-01T00:40:27+00:00\" \/>\n<meta property=\"article:modified_time\" content=\"2021-07-01T00:40:29+00:00\" \/>\n<meta property=\"og:image\" content=\"https:\/\/www.letelegraphe.com\/wp\/wp-content\/uploads\/2021\/06\/2.jpg\" \/>\n\t<meta property=\"og:image:width\" content=\"1280\" \/>\n\t<meta property=\"og:image:height\" content=\"720\" \/>\n\t<meta property=\"og:image:type\" content=\"image\/jpeg\" \/>\n<meta name=\"author\" content=\"Le T\u00e9l\u00e9graphe\" \/>\n<meta name=\"twitter:card\" content=\"summary_large_image\" \/>\n<meta name=\"twitter:creator\" content=\"@afriqueN24\" \/>\n<meta name=\"twitter:label1\" content=\"\u00c9crit par\" \/>\n\t<meta name=\"twitter:data1\" content=\"Le T\u00e9l\u00e9graphe\" \/>\n\t<meta name=\"twitter:label2\" content=\"Dur\u00e9e de lecture estim\u00e9e\" \/>\n\t<meta name=\"twitter:data2\" content=\"1 minute\" \/>\n<script type=\"application\/ld+json\" class=\"yoast-schema-graph\">{\"@context\":\"https:\/\/schema.org\",\"@graph\":[{\"@type\":\"Article\",\"@id\":\"https:\/\/www.letelegraphe.com\/wp\/2021\/07\/01\/abass-bonfoh-est-decede\/#article\",\"isPartOf\":{\"@id\":\"https:\/\/www.letelegraphe.com\/wp\/2021\/07\/01\/abass-bonfoh-est-decede\/\"},\"author\":{\"name\":\"Le T\u00e9l\u00e9graphe\",\"@id\":\"https:\/\/www.letelegraphe.com\/wp\/#\/schema\/person\/157b034500a34f201fcd0527b9e0ca3e\"},\"headline\":\"Abass Bonfoh est d\u00e9c\u00e9d\u00e9.\",\"datePublished\":\"2021-07-01T00:40:27+00:00\",\"dateModified\":\"2021-07-01T00:40:29+00:00\",\"mainEntityOfPage\":{\"@id\":\"https:\/\/www.letelegraphe.com\/wp\/2021\/07\/01\/abass-bonfoh-est-decede\/\"},\"wordCount\":153,\"publisher\":{\"@id\":\"https:\/\/www.letelegraphe.com\/wp\/#organization\"},\"image\":{\"@id\":\"https:\/\/www.letelegraphe.com\/wp\/2021\/07\/01\/abass-bonfoh-est-decede\/#primaryimage\"},\"thumbnailUrl\":\"https:\/\/www.letelegraphe.com\/wp\/wp-content\/uploads\/2021\/06\/2.jpg\",\"articleSection\":[\"POLITIQUE\",\"SOCI\u00c9T\u00c9\",\"TOGO\"],\"inLanguage\":\"fr-FR\"},{\"@type\":\"WebPage\",\"@id\":\"https:\/\/www.letelegraphe.com\/wp\/2021\/07\/01\/abass-bonfoh-est-decede\/\",\"url\":\"https:\/\/www.letelegraphe.com\/wp\/2021\/07\/01\/abass-bonfoh-est-decede\/\",\"name\":\"Abass Bonfoh est d\u00e9c\u00e9d\u00e9. - Letelegraphe.com\",\"isPartOf\":{\"@id\":\"https:\/\/www.letelegraphe.com\/wp\/#website\"},\"primaryImageOfPage\":{\"@id\":\"https:\/\/www.letelegraphe.com\/wp\/2021\/07\/01\/abass-bonfoh-est-decede\/#primaryimage\"},\"image\":{\"@id\":\"https:\/\/www.letelegraphe.com\/wp\/2021\/07\/01\/abass-bonfoh-est-decede\/#primaryimage\"},\"thumbnailUrl\":\"https:\/\/www.letelegraphe.com\/wp\/wp-content\/uploads\/2021\/06\/2.jpg\",\"datePublished\":\"2021-07-01T00:40:27+00:00\",\"dateModified\":\"2021-07-01T00:40:29+00:00\",\"breadcrumb\":{\"@id\":\"https:\/\/www.letelegraphe.com\/wp\/2021\/07\/01\/abass-bonfoh-est-decede\/#breadcrumb\"},\"inLanguage\":\"fr-FR\",\"potentialAction\":[{\"@type\":\"ReadAction\",\"target\":[\"https:\/\/www.letelegraphe.com\/wp\/2021\/07\/01\/abass-bonfoh-est-decede\/\"]}]},{\"@type\":\"ImageObject\",\"inLanguage\":\"fr-FR\",\"@id\":\"https:\/\/www.letelegraphe.com\/wp\/2021\/07\/01\/abass-bonfoh-est-decede\/#primaryimage\",\"url\":\"https:\/\/www.letelegraphe.com\/wp\/wp-content\/uploads\/2021\/06\/2.jpg\",\"contentUrl\":\"https:\/\/www.letelegraphe.com\/wp\/wp-content\/uploads\/2021\/06\/2.jpg\",\"width\":1280,\"height\":720},{\"@type\":\"BreadcrumbList\",\"@id\":\"https:\/\/www.letelegraphe.com\/wp\/2021\/07\/01\/abass-bonfoh-est-decede\/#breadcrumb\",\"itemListElement\":[{\"@type\":\"ListItem\",\"position\":1,\"name\":\"Accueil\",\"item\":\"https:\/\/www.letelegraphe.com\/wp\/\"},{\"@type\":\"ListItem\",\"position\":2,\"name\":\"Abass Bonfoh est d\u00e9c\u00e9d\u00e9.\"}]},{\"@type\":\"WebSite\",\"@id\":\"https:\/\/www.letelegraphe.com\/wp\/#website\",\"url\":\"https:\/\/www.letelegraphe.com\/wp\/\",\"name\":\"Letelegraphe.com\",\"description\":\"Site d&#039;actualit\u00e9s\",\"publisher\":{\"@id\":\"https:\/\/www.letelegraphe.com\/wp\/#organization\"},\"potentialAction\":[{\"@type\":\"SearchAction\",\"target\":{\"@type\":\"EntryPoint\",\"urlTemplate\":\"https:\/\/www.letelegraphe.com\/wp\/?s={search_term_string}\"},\"query-input\":{\"@type\":\"PropertyValueSpecification\",\"valueRequired\":true,\"valueName\":\"search_term_string\"}}],\"inLanguage\":\"fr-FR\"},{\"@type\":\"Organization\",\"@id\":\"https:\/\/www.letelegraphe.com\/wp\/#organization\",\"name\":\"Letelegraphe.com\",\"url\":\"https:\/\/www.letelegraphe.com\/wp\/\",\"logo\":{\"@type\":\"ImageObject\",\"inLanguage\":\"fr-FR\",\"@id\":\"https:\/\/www.letelegraphe.com\/wp\/#\/schema\/logo\/image\/\",\"url\":\"https:\/\/www.letelegraphe.com\/wp\/wp-content\/uploads\/2021\/01\/cropped-logo_an24_tr.png\",\"contentUrl\":\"https:\/\/www.letelegraphe.com\/wp\/wp-content\/uploads\/2021\/01\/cropped-logo_an24_tr.png\",\"width\":400,\"height\":100,\"caption\":\"Letelegraphe.com\"},\"image\":{\"@id\":\"https:\/\/www.letelegraphe.com\/wp\/#\/schema\/logo\/image\/\"}},{\"@type\":\"Person\",\"@id\":\"https:\/\/www.letelegraphe.com\/wp\/#\/schema\/person\/157b034500a34f201fcd0527b9e0ca3e\",\"name\":\"Le T\u00e9l\u00e9graphe\",\"image\":{\"@type\":\"ImageObject\",\"inLanguage\":\"fr-FR\",\"@id\":\"https:\/\/www.letelegraphe.com\/wp\/#\/schema\/person\/image\/\",\"url\":\"https:\/\/secure.gravatar.com\/avatar\/8d896174d74e318013154a042fdbf8d608b0679d610850b1dde354cca267c74f?s=96&d=mm&r=g\",\"contentUrl\":\"https:\/\/secure.gravatar.com\/avatar\/8d896174d74e318013154a042fdbf8d608b0679d610850b1dde354cca267c74f?s=96&d=mm&r=g\",\"caption\":\"Le T\u00e9l\u00e9graphe\"},\"sameAs\":[\"https:\/\/www.letelegraphe.com\",\"https:\/\/www.facebook.com\/afriqueN24\",\"https:\/\/x.com\/afriqueN24\"],\"url\":\"https:\/\/www.letelegraphe.com\/wp\/author\/ltgadmin\/\"}]}<\/script>\n<!-- \/ Yoast SEO plugin. -->","yoast_head_json":{"title":"Abass Bonfoh est d\u00e9c\u00e9d\u00e9. - Letelegraphe.com","robots":{"index":"index","follow":"follow","max-snippet":"max-snippet:-1","max-image-preview":"max-image-preview:large","max-video-preview":"max-video-preview:-1"},"canonical":"https:\/\/www.letelegraphe.com\/wp\/2021\/07\/01\/abass-bonfoh-est-decede\/","og_locale":"fr_FR","og_type":"article","og_title":"Abass Bonfoh est d\u00e9c\u00e9d\u00e9. - Letelegraphe.com","og_description":"Ancien Pr\u00e9sident de la R\u00e9publique Togolaise suite au d\u00e9c\u00e8s du Gal Gnassingb\u00e9 EYADEMA en 2005...","og_url":"https:\/\/www.letelegraphe.com\/wp\/2021\/07\/01\/abass-bonfoh-est-decede\/","og_site_name":"Letelegraphe.com","article_author":"https:\/\/www.facebook.com\/afriqueN24","article_published_time":"2021-07-01T00:40:27+00:00","article_modified_time":"2021-07-01T00:40:29+00:00","og_image":[{"width":1280,"height":720,"url":"https:\/\/www.letelegraphe.com\/wp\/wp-content\/uploads\/2021\/06\/2.jpg","type":"image\/jpeg"}],"author":"Le T\u00e9l\u00e9graphe","twitter_card":"summary_large_image","twitter_creator":"@afriqueN24","twitter_misc":{"\u00c9crit par":"Le T\u00e9l\u00e9graphe","Dur\u00e9e de lecture estim\u00e9e":"1 minute"},"schema":{"@context":"https:\/\/schema.org","@graph":[{"@type":"Article","@id":"https:\/\/www.letelegraphe.com\/wp\/2021\/07\/01\/abass-bonfoh-est-decede\/#article","isPartOf":{"@id":"https:\/\/www.letelegraphe.com\/wp\/2021\/07\/01\/abass-bonfoh-est-decede\/"},"author":{"name":"Le T\u00e9l\u00e9graphe","@id":"https:\/\/www.letelegraphe.com\/wp\/#\/schema\/person\/157b034500a34f201fcd0527b9e0ca3e"},"headline":"Abass Bonfoh est d\u00e9c\u00e9d\u00e9.","datePublished":"2021-07-01T00:40:27+00:00","dateModified":"2021-07-01T00:40:29+00:00","mainEntityOfPage":{"@id":"https:\/\/www.letelegraphe.com\/wp\/2021\/07\/01\/abass-bonfoh-est-decede\/"},"wordCount":153,"publisher":{"@id":"https:\/\/www.letelegraphe.com\/wp\/#organization"},"image":{"@id":"https:\/\/www.letelegraphe.com\/wp\/2021\/07\/01\/abass-bonfoh-est-decede\/#primaryimage"},"thumbnailUrl":"https:\/\/www.letelegraphe.com\/wp\/wp-content\/uploads\/2021\/06\/2.jpg","articleSection":["POLITIQUE","SOCI\u00c9T\u00c9","TOGO"],"inLanguage":"fr-FR"},{"@type":"WebPage","@id":"https:\/\/www.letelegraphe.com\/wp\/2021\/07\/01\/abass-bonfoh-est-decede\/","url":"https:\/\/www.letelegraphe.com\/wp\/2021\/07\/01\/abass-bonfoh-est-decede\/","name":"Abass Bonfoh est d\u00e9c\u00e9d\u00e9. - Letelegraphe.com","isPartOf":{"@id":"https:\/\/www.letelegraphe.com\/wp\/#website"},"primaryImageOfPage":{"@id":"https:\/\/www.letelegraphe.com\/wp\/2021\/07\/01\/abass-bonfoh-est-decede\/#primaryimage"},"image":{"@id":"https:\/\/www.letelegraphe.com\/wp\/2021\/07\/01\/abass-bonfoh-est-decede\/#primaryimage"},"thumbnailUrl":"https:\/\/www.letelegraphe.com\/wp\/wp-content\/uploads\/2021\/06\/2.jpg","datePublished":"2021-07-01T00:40:27+00:00","dateModified":"2021-07-01T00:40:29+00:00","breadcrumb":{"@id":"https:\/\/www.letelegraphe.com\/wp\/2021\/07\/01\/abass-bonfoh-est-decede\/#breadcrumb"},"inLanguage":"fr-FR","potentialAction":[{"@type":"ReadAction","target":["https:\/\/www.letelegraphe.com\/wp\/2021\/07\/01\/abass-bonfoh-est-decede\/"]}]},{"@type":"ImageObject","inLanguage":"fr-FR","@id":"https:\/\/www.letelegraphe.com\/wp\/2021\/07\/01\/abass-bonfoh-est-decede\/#primaryimage","url":"https:\/\/www.letelegraphe.com\/wp\/wp-content\/uploads\/2021\/06\/2.jpg","contentUrl":"https:\/\/www.letelegraphe.com\/wp\/wp-content\/uploads\/2021\/06\/2.jpg","width":1280,"height":720},{"@type":"BreadcrumbList","@id":"https:\/\/www.letelegraphe.com\/wp\/2021\/07\/01\/abass-bonfoh-est-decede\/#breadcrumb","itemListElement":[{"@type":"ListItem","position":1,"name":"Accueil","item":"https:\/\/www.letelegraphe.com\/wp\/"},{"@type":"ListItem","position":2,"name":"Abass Bonfoh est d\u00e9c\u00e9d\u00e9."}]},{"@type":"WebSite","@id":"https:\/\/www.letelegraphe.com\/wp\/#website","url":"https:\/\/www.letelegraphe.com\/wp\/","name":"Letelegraphe.com","description":"Site d&#039;actualit\u00e9s","publisher":{"@id":"https:\/\/www.letelegraphe.com\/wp\/#organization"},"potentialAction":[{"@type":"SearchAction","target":{"@type":"EntryPoint","urlTemplate":"https:\/\/www.letelegraphe.com\/wp\/?s={search_term_string}"},"query-input":{"@type":"PropertyValueSpecification","valueRequired":true,"valueName":"search_term_string"}}],"inLanguage":"fr-FR"},{"@type":"Organization","@id":"https:\/\/www.letelegraphe.com\/wp\/#organization","name":"Letelegraphe.com","url":"https:\/\/www.letelegraphe.com\/wp\/","logo":{"@type":"ImageObject","inLanguage":"fr-FR","@id":"https:\/\/www.letelegraphe.com\/wp\/#\/schema\/logo\/image\/","url":"https:\/\/www.letelegraphe.com\/wp\/wp-content\/uploads\/2021\/01\/cropped-logo_an24_tr.png","contentUrl":"https:\/\/www.letelegraphe.com\/wp\/wp-content\/uploads\/2021\/01\/cropped-logo_an24_tr.png","width":400,"height":100,"caption":"Letelegraphe.com"},"image":{"@id":"https:\/\/www.letelegraphe.com\/wp\/#\/schema\/logo\/image\/"}},{"@type":"Person","@id":"https:\/\/www.letelegraphe.com\/wp\/#\/schema\/person\/157b034500a34f201fcd0527b9e0ca3e","name":"Le T\u00e9l\u00e9graphe","image":{"@type":"ImageObject","inLanguage":"fr-FR","@id":"https:\/\/www.letelegraphe.com\/wp\/#\/schema\/person\/image\/","url":"https:\/\/secure.gravatar.com\/avatar\/8d896174d74e318013154a042fdbf8d608b0679d610850b1dde354cca267c74f?s=96&d=mm&r=g","contentUrl":"https:\/\/secure.gravatar.com\/avatar\/8d896174d74e318013154a042fdbf8d608b0679d610850b1dde354cca267c74f?s=96&d=mm&r=g","caption":"Le T\u00e9l\u00e9graphe"},"sameAs":["https:\/\/www.letelegraphe.com","https:\/\/www.facebook.com\/afriqueN24","https:\/\/x.com\/afriqueN24"],"url":"https:\/\/www.letelegraphe.com\/wp\/author\/ltgadmin\/"}]}},"featured_image_urls":{"full":["https:\/\/www.letelegraphe.com\/wp\/wp-content\/uploads\/2021\/06\/2.jpg",1280,720,false],"thumbnail":["https:\/\/www.letelegraphe.com\/wp\/wp-content\/uploads\/2021\/06\/2-150x150.jpg",150,150,true],"medium":["https:\/\/www.letelegraphe.com\/wp\/wp-content\/uploads\/2021\/06\/2-300x169.jpg",300,169,true],"medium_large":["https:\/\/www.letelegraphe.com\/wp\/wp-content\/uploads\/2021\/06\/2-768x432.jpg",640,360,true],"large":["https:\/\/www.letelegraphe.com\/wp\/wp-content\/uploads\/2021\/06\/2-1024x576.jpg",640,360,true],"1536x1536":["https:\/\/www.letelegraphe.com\/wp\/wp-content\/uploads\/2021\/06\/2.jpg",1280,720,false],"2048x2048":["https:\/\/www.letelegraphe.com\/wp\/wp-content\/uploads\/2021\/06\/2.jpg",1280,720,false],"newsphere-slider-full":["https:\/\/www.letelegraphe.com\/wp\/wp-content\/uploads\/2021\/06\/2.jpg",1280,720,false],"newsphere-featured":["https:\/\/www.letelegraphe.com\/wp\/wp-content\/uploads\/2021\/06\/2-1024x576.jpg",1024,576,true],"newsphere-medium":["https:\/\/www.letelegraphe.com\/wp\/wp-content\/uploads\/2021\/06\/2-720x380.jpg",720,380,true]},"author_info":{"display_name":"Le T\u00e9l\u00e9graphe","author_link":"https:\/\/www.letelegraphe.com\/wp\/author\/ltgadmin\/"},"category_info":"<a href=\"https:\/\/www.letelegraphe.com\/wp\/category\/togo\/politique\/\" rel=\"category tag\">POLITIQUE<\/a> <a href=\"https:\/\/www.letelegraphe.com\/wp\/category\/societe\/\" rel=\"category tag\">SOCI\u00c9T\u00c9<\/a> <a href=\"https:\/\/www.letelegraphe.com\/wp\/category\/togo\/\" rel=\"category tag\">TOGO<\/a>","tag_info":"TOGO","comment_count":"0","_links":{"self":[{"href":"https:\/\/www.letelegraphe.com\/wp\/wp-json\/wp\/v2\/posts\/1686","targetHints":{"allow":["GET"]}}],"collection":[{"href":"https:\/\/www.letelegraphe.com\/wp\/wp-json\/wp\/v2\/posts"}],"about":[{"href":"https:\/\/www.letelegraphe.com\/wp\/wp-json\/wp\/v2\/types\/post"}],"author":[{"embeddable":true,"href":"https:\/\/www.letelegraphe.com\/wp\/wp-json\/wp\/v2\/users\/1"}],"replies":[{"embeddable":true,"href":"https:\/\/www.letelegraphe.com\/wp\/wp-json\/wp\/v2\/comments?post=1686"}],"version-history":[{"count":1,"href":"https:\/\/www.letelegraphe.com\/wp\/wp-json\/wp\/v2\/posts\/1686\/revisions"}],"predecessor-version":[{"id":1687,"href":"https:\/\/www.letelegraphe.com\/wp\/wp-json\/wp\/v2\/posts\/1686\/revisions\/1687"}],"wp:featuredmedia":[{"embeddable":true,"href":"https:\/\/www.letelegraphe.com\/wp\/wp-json\/wp\/v2\/media\/1685"}],"wp:attachment":[{"href":"https:\/\/www.letelegraphe.com\/wp\/wp-json\/wp\/v2\/media?parent=1686"}],"wp:term":[{"taxonomy":"category","embeddable":true,"href":"https:\/\/www.letelegraphe.com\/wp\/wp-json\/wp\/v2\/categories?post=1686"},{"taxonomy":"post_tag","embeddable":true,"href":"https:\/\/www.letelegraphe.com\/wp\/wp-json\/wp\/v2\/tags?post=1686"}],"curies":[{"name":"wp","href":"https:\/\/api.w.org\/{rel}","templated":true}]}}