{"id":2221,"date":"2023-05-04T09:10:33","date_gmt":"2023-05-04T07:10:33","guid":{"rendered":"https:\/\/www.letelegraphe.com\/wp\/?p=2221"},"modified":"2023-05-04T09:21:59","modified_gmt":"2023-05-04T07:21:59","slug":"recensement-electoral-la-dmp-exige-une-prolongation-des-operations-dans-la-zone-1","status":"publish","type":"post","link":"https:\/\/www.letelegraphe.com\/wp\/2023\/05\/04\/recensement-electoral-la-dmp-exige-une-prolongation-des-operations-dans-la-zone-1\/","title":{"rendered":"Recensement \u00e9lectoral : La DMP exige une prolongation des op\u00e9rations dans la Zone 1"},"content":{"rendered":"\n<p><strong>La Dynamique de la Majorit\u00e9 du Peuple (DMP) exige une prolongation de la dur\u00e9e des op\u00e9rations de recensement dans la zone 1<\/strong><\/p>\n\n\n\n<p><strong>COMMUNIQU\u00c9 DE PRESSE DE LA DMP DU 3 MAI 2023<\/strong><\/p>\n\n\n\n<p>Imp\u00e9rieuse n\u00e9cessit\u00e9 de prolonger la dur\u00e9e du recensement \u00e9lectoral dans la zone 1<\/p>\n\n\n\n<p>Gr\u00e2ce \u00e0 son dispositif de suivi et d\u2019alerte mis en place depuis le 28 avril 2023, la Dynamique pour la Majorit\u00e9 du Peuple (DMP) continue d\u2019observer et de surveiller le d\u00e9roulement des op\u00e9rations du recensement \u00e9lectoral qui est \u00e0 sa cinqui\u00e8me journ\u00e9e. Au vu des graves manquements qu\u2019elle a observ\u00e9s, elle propose de proroger la dur\u00e9e des op\u00e9rations de recensement dans la zone 1 de dix (10) jours.<\/p>\n\n\n\n<p>En effet, le bilan des observations et de la surveillance n\u2019est gu\u00e8re reluisant. Les Centres de Recensement et de Vote (CRV) sont de plus en plus envahis par les populations d\u00e9sireuses d\u2019obtenir leurs cartes d\u2019\u00e9lecteur. D\u00e8s le premier jour, la livraison et l\u2019installation tardive des \u00e9quipements a fait perdre une journ\u00e9e dans la quasi-totalit\u00e9 des centres de recensement. La lenteur des machines d\u2019enregistrement et des op\u00e9rateurs de saisie (OPS) observ\u00e9e d\u00e8s le d\u00e9but des op\u00e9rations, persiste et s\u2019aggrave, cr\u00e9ant ainsi des tensions dans plusieurs CRV de la zone1. Par ailleurs, le manque de mat\u00e9riel et de fournitures (encre, fiches d\u2019enregistrement, carburant etc\u2026) a conduit \u00e0 retarder et m\u00eame \u00e0 arr\u00eater les op\u00e9rations de recensement dans plusieurs centres de vote.<\/p>\n\n\n\n<figure class=\"wp-block-image size-large\"><img loading=\"lazy\" decoding=\"async\" width=\"1024\" height=\"576\" src=\"https:\/\/www.letelegraphe.com\/wp\/wp-content\/uploads\/2023\/05\/Flyer-DMP_carre-1024x576.png\" alt=\"\" class=\"wp-image-2225\" srcset=\"https:\/\/www.letelegraphe.com\/wp\/wp-content\/uploads\/2023\/05\/Flyer-DMP_carre-1024x576.png 1024w, https:\/\/www.letelegraphe.com\/wp\/wp-content\/uploads\/2023\/05\/Flyer-DMP_carre-300x169.png 300w, https:\/\/www.letelegraphe.com\/wp\/wp-content\/uploads\/2023\/05\/Flyer-DMP_carre-768x432.png 768w, https:\/\/www.letelegraphe.com\/wp\/wp-content\/uploads\/2023\/05\/Flyer-DMP_carre-1536x864.png 1536w, https:\/\/www.letelegraphe.com\/wp\/wp-content\/uploads\/2023\/05\/Flyer-DMP_carre-1280x720.png 1280w, https:\/\/www.letelegraphe.com\/wp\/wp-content\/uploads\/2023\/05\/Flyer-DMP_carre.png 1920w\" sizes=\"auto, (max-width: 1024px) 100vw, 1024px\" \/><\/figure>\n\n\n\n<p>Les populations sont de plus en plus tent\u00e9es par le d\u00e9couragement. Les efforts d\u00e9ploy\u00e9s par les responsables de la CENI et des CELI sont pour le moment insuffisants pour am\u00e9liorer le syst\u00e8me et mieux satisfaire les populations qui sont contraintes de patienter pendant plusieurs heures, dans de longues files d\u2019attente. Dans de telles conditions, certains repr\u00e9sentants de partis politiques membres des Commissions des Listes et Cartes (CLC) organisent des trafics d\u2019influence en favorisant l\u2019enr\u00f4lement contre des gratifications, ce qui constitue une injustice vis-\u00e0-vis des autres citoyens venus se faire enregistrer et de surcroit une violation du code \u00e9lectoral.<\/p>\n\n\n\n<p>Ces faits ont naturellement pour cons\u00e9quence de d\u00e9courager beaucoup d\u2019\u00e9lecteurs potentiels qui sont oblig\u00e9s de sacrifier leurs journ\u00e9es de travail et leurs activit\u00e9s pour pouvoir se faire enregistrer sur la liste \u00e9lectorale. Si rien n\u2019est fait pour corriger \u00e0 temps ces imperfections qui entachent l\u2019ensemble du processus \u00e0 cette \u00e9tape, beaucoup de nos concitoyens risquent de ne pas \u00eatre enr\u00f4l\u00e9s sur les listes \u00e9lectorales en d\u00e9pit de leur bonne volont\u00e9 \u00e0 le faire. Cette situation si rien n\u2019est fait, fausse d\u2019ores et d\u00e9j\u00e0 le caract\u00e8re inclusif requis pour les prochaines \u00e9lections.<\/p>\n\n\n\n<p>Au vu de ces constats, et pour r\u00e9pondre \u00e0 l\u2019exigence d\u2019inclusivit\u00e9 des prochaines \u00e9lections, la DMP demande aux responsables de la CENI de prolonger de dix (10) jours la p\u00e9riode de recensement dans la zone 1.<\/p>\n\n\n\n<p>Cette prolongation s\u2019impose d\u2019ailleurs car, d\u2019apr\u00e8s les r\u00e9sultats du dernier RGPH, la zone1 couvrant le Grand Lom\u00e9 et la r\u00e9gion maritime est la plus dens\u00e9ment peupl\u00e9e et repr\u00e9sente 44% de la population Togolaise. Il est donc anormal que le recensement \u00e9lectoral dans cette zone soit effectu\u00e9 en huit (8)<br>jours au m\u00eame titre les autres zones 2 et 3 repr\u00e9sentant respectivement 30% et 26% de la population. La DMP exige donc que cette disparit\u00e9 soit corrig\u00e9e et annonc\u00e9e aux populations d\u00e8s maintenant en vue de r\u00e9duire la tension qui s\u2019observe au niveau des CRV.<\/p>\n\n\n\n<p>Enfin, en vue de permettre \u00e0 toutes les parties prenantes au processus \u00e9lectoral de s\u2019assurer de la fiabilit\u00e9 des r\u00e9sultats du recensement \u00e9lectoral, la DMP demande au gouvernement de publier les r\u00e9sultats du RGPH5 commune par commune. Elle demande en outre \u00e0 la CENI de rendre publiques, les statistiques provisoires et d\u00e9finitives du pr\u00e9sent recensement \u00e9lectoral, commune par commune.<\/p>\n\n\n\n<p>Fait \u00e0 Lom\u00e9 le 3 mai 2023<\/p>\n\n\n\n<p>La conf\u00e9rence des pr\u00e9sidents<\/p>\n","protected":false},"excerpt":{"rendered":"<p>La Dynamique de la Majorit\u00e9 du Peuple (DMP) exige une prolongation de la dur\u00e9e des&#8230;<\/p>\n","protected":false},"author":1,"featured_media":2224,"comment_status":"closed","ping_status":"open","sticky":false,"template":"","format":"standard","meta":{"sfsi_plus_gutenberg_text_before_share":"","sfsi_plus_gutenberg_show_text_before_share":"","sfsi_plus_gutenberg_icon_type":"","sfsi_plus_gutenberg_icon_alignemt":"","sfsi_plus_gutenburg_max_per_row":"","footnotes":""},"categories":[33,40,39,5],"tags":[],"class_list":["post-2221","post","type-post","status-publish","format-standard","has-post-thumbnail","hentry","category-a-la-une","category-maritime","category-region","category-togo"],"yoast_head":"<!-- This site is optimized with the Yoast SEO plugin v26.0 - https:\/\/yoast.com\/wordpress\/plugins\/seo\/ -->\n<title>Recensement \u00e9lectoral : La DMP exige une prolongation des op\u00e9rations dans la Zone 1 - Letelegraphe.com<\/title>\n<meta name=\"robots\" content=\"index, follow, max-snippet:-1, max-image-preview:large, max-video-preview:-1\" \/>\n<link rel=\"canonical\" href=\"https:\/\/www.letelegraphe.com\/wp\/2023\/05\/04\/recensement-electoral-la-dmp-exige-une-prolongation-des-operations-dans-la-zone-1\/\" \/>\n<meta property=\"og:locale\" content=\"fr_FR\" \/>\n<meta property=\"og:type\" content=\"article\" \/>\n<meta property=\"og:title\" content=\"Recensement \u00e9lectoral : La DMP exige une prolongation des op\u00e9rations dans la Zone 1 - Letelegraphe.com\" \/>\n<meta property=\"og:description\" content=\"La Dynamique de la Majorit\u00e9 du Peuple (DMP) exige une prolongation de la dur\u00e9e des...\" \/>\n<meta property=\"og:url\" content=\"https:\/\/www.letelegraphe.com\/wp\/2023\/05\/04\/recensement-electoral-la-dmp-exige-une-prolongation-des-operations-dans-la-zone-1\/\" \/>\n<meta property=\"og:site_name\" content=\"Letelegraphe.com\" \/>\n<meta property=\"article:author\" content=\"https:\/\/www.facebook.com\/afriqueN24\" \/>\n<meta property=\"article:published_time\" content=\"2023-05-04T07:10:33+00:00\" \/>\n<meta property=\"article:modified_time\" content=\"2023-05-04T07:21:59+00:00\" \/>\n<meta property=\"og:image\" content=\"https:\/\/www.letelegraphe.com\/wp\/wp-content\/uploads\/2023\/05\/IMG-1.jpg\" \/>\n\t<meta property=\"og:image:width\" content=\"1280\" \/>\n\t<meta property=\"og:image:height\" content=\"720\" \/>\n\t<meta property=\"og:image:type\" content=\"image\/jpeg\" \/>\n<meta name=\"author\" content=\"Le T\u00e9l\u00e9graphe\" \/>\n<meta name=\"twitter:card\" content=\"summary_large_image\" \/>\n<meta name=\"twitter:creator\" content=\"@afriqueN24\" \/>\n<meta name=\"twitter:label1\" content=\"\u00c9crit par\" \/>\n\t<meta name=\"twitter:data1\" content=\"Le T\u00e9l\u00e9graphe\" \/>\n\t<meta name=\"twitter:label2\" content=\"Dur\u00e9e de lecture estim\u00e9e\" \/>\n\t<meta name=\"twitter:data2\" content=\"4 minutes\" \/>\n<script type=\"application\/ld+json\" class=\"yoast-schema-graph\">{\"@context\":\"https:\/\/schema.org\",\"@graph\":[{\"@type\":\"Article\",\"@id\":\"https:\/\/www.letelegraphe.com\/wp\/2023\/05\/04\/recensement-electoral-la-dmp-exige-une-prolongation-des-operations-dans-la-zone-1\/#article\",\"isPartOf\":{\"@id\":\"https:\/\/www.letelegraphe.com\/wp\/2023\/05\/04\/recensement-electoral-la-dmp-exige-une-prolongation-des-operations-dans-la-zone-1\/\"},\"author\":{\"name\":\"Le T\u00e9l\u00e9graphe\",\"@id\":\"https:\/\/www.letelegraphe.com\/wp\/#\/schema\/person\/157b034500a34f201fcd0527b9e0ca3e\"},\"headline\":\"Recensement \u00e9lectoral : La DMP exige une prolongation des op\u00e9rations dans la Zone 1\",\"datePublished\":\"2023-05-04T07:10:33+00:00\",\"dateModified\":\"2023-05-04T07:21:59+00:00\",\"mainEntityOfPage\":{\"@id\":\"https:\/\/www.letelegraphe.com\/wp\/2023\/05\/04\/recensement-electoral-la-dmp-exige-une-prolongation-des-operations-dans-la-zone-1\/\"},\"wordCount\":696,\"publisher\":{\"@id\":\"https:\/\/www.letelegraphe.com\/wp\/#organization\"},\"image\":{\"@id\":\"https:\/\/www.letelegraphe.com\/wp\/2023\/05\/04\/recensement-electoral-la-dmp-exige-une-prolongation-des-operations-dans-la-zone-1\/#primaryimage\"},\"thumbnailUrl\":\"https:\/\/www.letelegraphe.com\/wp\/wp-content\/uploads\/2023\/05\/IMG-1.jpg\",\"articleSection\":[\"A LA UNE\",\"MARITIME\",\"R\u00c9GION\",\"TOGO\"],\"inLanguage\":\"fr-FR\"},{\"@type\":\"WebPage\",\"@id\":\"https:\/\/www.letelegraphe.com\/wp\/2023\/05\/04\/recensement-electoral-la-dmp-exige-une-prolongation-des-operations-dans-la-zone-1\/\",\"url\":\"https:\/\/www.letelegraphe.com\/wp\/2023\/05\/04\/recensement-electoral-la-dmp-exige-une-prolongation-des-operations-dans-la-zone-1\/\",\"name\":\"Recensement \u00e9lectoral : La DMP exige une prolongation des op\u00e9rations dans la Zone 1 - Letelegraphe.com\",\"isPartOf\":{\"@id\":\"https:\/\/www.letelegraphe.com\/wp\/#website\"},\"primaryImageOfPage\":{\"@id\":\"https:\/\/www.letelegraphe.com\/wp\/2023\/05\/04\/recensement-electoral-la-dmp-exige-une-prolongation-des-operations-dans-la-zone-1\/#primaryimage\"},\"image\":{\"@id\":\"https:\/\/www.letelegraphe.com\/wp\/2023\/05\/04\/recensement-electoral-la-dmp-exige-une-prolongation-des-operations-dans-la-zone-1\/#primaryimage\"},\"thumbnailUrl\":\"https:\/\/www.letelegraphe.com\/wp\/wp-content\/uploads\/2023\/05\/IMG-1.jpg\",\"datePublished\":\"2023-05-04T07:10:33+00:00\",\"dateModified\":\"2023-05-04T07:21:59+00:00\",\"breadcrumb\":{\"@id\":\"https:\/\/www.letelegraphe.com\/wp\/2023\/05\/04\/recensement-electoral-la-dmp-exige-une-prolongation-des-operations-dans-la-zone-1\/#breadcrumb\"},\"inLanguage\":\"fr-FR\",\"potentialAction\":[{\"@type\":\"ReadAction\",\"target\":[\"https:\/\/www.letelegraphe.com\/wp\/2023\/05\/04\/recensement-electoral-la-dmp-exige-une-prolongation-des-operations-dans-la-zone-1\/\"]}]},{\"@type\":\"ImageObject\",\"inLanguage\":\"fr-FR\",\"@id\":\"https:\/\/www.letelegraphe.com\/wp\/2023\/05\/04\/recensement-electoral-la-dmp-exige-une-prolongation-des-operations-dans-la-zone-1\/#primaryimage\",\"url\":\"https:\/\/www.letelegraphe.com\/wp\/wp-content\/uploads\/2023\/05\/IMG-1.jpg\",\"contentUrl\":\"https:\/\/www.letelegraphe.com\/wp\/wp-content\/uploads\/2023\/05\/IMG-1.jpg\",\"width\":1280,\"height\":720},{\"@type\":\"BreadcrumbList\",\"@id\":\"https:\/\/www.letelegraphe.com\/wp\/2023\/05\/04\/recensement-electoral-la-dmp-exige-une-prolongation-des-operations-dans-la-zone-1\/#breadcrumb\",\"itemListElement\":[{\"@type\":\"ListItem\",\"position\":1,\"name\":\"Accueil\",\"item\":\"https:\/\/www.letelegraphe.com\/wp\/\"},{\"@type\":\"ListItem\",\"position\":2,\"name\":\"Recensement \u00e9lectoral : La DMP exige une prolongation des op\u00e9rations dans la Zone 1\"}]},{\"@type\":\"WebSite\",\"@id\":\"https:\/\/www.letelegraphe.com\/wp\/#website\",\"url\":\"https:\/\/www.letelegraphe.com\/wp\/\",\"name\":\"Letelegraphe.com\",\"description\":\"Site d&#039;actualit\u00e9s\",\"publisher\":{\"@id\":\"https:\/\/www.letelegraphe.com\/wp\/#organization\"},\"potentialAction\":[{\"@type\":\"SearchAction\",\"target\":{\"@type\":\"EntryPoint\",\"urlTemplate\":\"https:\/\/www.letelegraphe.com\/wp\/?s={search_term_string}\"},\"query-input\":{\"@type\":\"PropertyValueSpecification\",\"valueRequired\":true,\"valueName\":\"search_term_string\"}}],\"inLanguage\":\"fr-FR\"},{\"@type\":\"Organization\",\"@id\":\"https:\/\/www.letelegraphe.com\/wp\/#organization\",\"name\":\"Letelegraphe.com\",\"url\":\"https:\/\/www.letelegraphe.com\/wp\/\",\"logo\":{\"@type\":\"ImageObject\",\"inLanguage\":\"fr-FR\",\"@id\":\"https:\/\/www.letelegraphe.com\/wp\/#\/schema\/logo\/image\/\",\"url\":\"https:\/\/www.letelegraphe.com\/wp\/wp-content\/uploads\/2021\/01\/cropped-logo_an24_tr.png\",\"contentUrl\":\"https:\/\/www.letelegraphe.com\/wp\/wp-content\/uploads\/2021\/01\/cropped-logo_an24_tr.png\",\"width\":400,\"height\":100,\"caption\":\"Letelegraphe.com\"},\"image\":{\"@id\":\"https:\/\/www.letelegraphe.com\/wp\/#\/schema\/logo\/image\/\"}},{\"@type\":\"Person\",\"@id\":\"https:\/\/www.letelegraphe.com\/wp\/#\/schema\/person\/157b034500a34f201fcd0527b9e0ca3e\",\"name\":\"Le T\u00e9l\u00e9graphe\",\"image\":{\"@type\":\"ImageObject\",\"inLanguage\":\"fr-FR\",\"@id\":\"https:\/\/www.letelegraphe.com\/wp\/#\/schema\/person\/image\/\",\"url\":\"https:\/\/secure.gravatar.com\/avatar\/8d896174d74e318013154a042fdbf8d608b0679d610850b1dde354cca267c74f?s=96&d=mm&r=g\",\"contentUrl\":\"https:\/\/secure.gravatar.com\/avatar\/8d896174d74e318013154a042fdbf8d608b0679d610850b1dde354cca267c74f?s=96&d=mm&r=g\",\"caption\":\"Le T\u00e9l\u00e9graphe\"},\"sameAs\":[\"https:\/\/www.letelegraphe.com\",\"https:\/\/www.facebook.com\/afriqueN24\",\"https:\/\/x.com\/afriqueN24\"],\"url\":\"https:\/\/www.letelegraphe.com\/wp\/author\/ltgadmin\/\"}]}<\/script>\n<!-- \/ Yoast SEO plugin. -->","yoast_head_json":{"title":"Recensement \u00e9lectoral : La DMP exige une prolongation des op\u00e9rations dans la Zone 1 - Letelegraphe.com","robots":{"index":"index","follow":"follow","max-snippet":"max-snippet:-1","max-image-preview":"max-image-preview:large","max-video-preview":"max-video-preview:-1"},"canonical":"https:\/\/www.letelegraphe.com\/wp\/2023\/05\/04\/recensement-electoral-la-dmp-exige-une-prolongation-des-operations-dans-la-zone-1\/","og_locale":"fr_FR","og_type":"article","og_title":"Recensement \u00e9lectoral : La DMP exige une prolongation des op\u00e9rations dans la Zone 1 - Letelegraphe.com","og_description":"La Dynamique de la Majorit\u00e9 du Peuple (DMP) exige une prolongation de la dur\u00e9e des...","og_url":"https:\/\/www.letelegraphe.com\/wp\/2023\/05\/04\/recensement-electoral-la-dmp-exige-une-prolongation-des-operations-dans-la-zone-1\/","og_site_name":"Letelegraphe.com","article_author":"https:\/\/www.facebook.com\/afriqueN24","article_published_time":"2023-05-04T07:10:33+00:00","article_modified_time":"2023-05-04T07:21:59+00:00","og_image":[{"width":1280,"height":720,"url":"https:\/\/www.letelegraphe.com\/wp\/wp-content\/uploads\/2023\/05\/IMG-1.jpg","type":"image\/jpeg"}],"author":"Le T\u00e9l\u00e9graphe","twitter_card":"summary_large_image","twitter_creator":"@afriqueN24","twitter_misc":{"\u00c9crit par":"Le T\u00e9l\u00e9graphe","Dur\u00e9e de lecture estim\u00e9e":"4 minutes"},"schema":{"@context":"https:\/\/schema.org","@graph":[{"@type":"Article","@id":"https:\/\/www.letelegraphe.com\/wp\/2023\/05\/04\/recensement-electoral-la-dmp-exige-une-prolongation-des-operations-dans-la-zone-1\/#article","isPartOf":{"@id":"https:\/\/www.letelegraphe.com\/wp\/2023\/05\/04\/recensement-electoral-la-dmp-exige-une-prolongation-des-operations-dans-la-zone-1\/"},"author":{"name":"Le T\u00e9l\u00e9graphe","@id":"https:\/\/www.letelegraphe.com\/wp\/#\/schema\/person\/157b034500a34f201fcd0527b9e0ca3e"},"headline":"Recensement \u00e9lectoral : La DMP exige une prolongation des op\u00e9rations dans la Zone 1","datePublished":"2023-05-04T07:10:33+00:00","dateModified":"2023-05-04T07:21:59+00:00","mainEntityOfPage":{"@id":"https:\/\/www.letelegraphe.com\/wp\/2023\/05\/04\/recensement-electoral-la-dmp-exige-une-prolongation-des-operations-dans-la-zone-1\/"},"wordCount":696,"publisher":{"@id":"https:\/\/www.letelegraphe.com\/wp\/#organization"},"image":{"@id":"https:\/\/www.letelegraphe.com\/wp\/2023\/05\/04\/recensement-electoral-la-dmp-exige-une-prolongation-des-operations-dans-la-zone-1\/#primaryimage"},"thumbnailUrl":"https:\/\/www.letelegraphe.com\/wp\/wp-content\/uploads\/2023\/05\/IMG-1.jpg","articleSection":["A LA UNE","MARITIME","R\u00c9GION","TOGO"],"inLanguage":"fr-FR"},{"@type":"WebPage","@id":"https:\/\/www.letelegraphe.com\/wp\/2023\/05\/04\/recensement-electoral-la-dmp-exige-une-prolongation-des-operations-dans-la-zone-1\/","url":"https:\/\/www.letelegraphe.com\/wp\/2023\/05\/04\/recensement-electoral-la-dmp-exige-une-prolongation-des-operations-dans-la-zone-1\/","name":"Recensement \u00e9lectoral : La DMP exige une prolongation des op\u00e9rations dans la Zone 1 - Letelegraphe.com","isPartOf":{"@id":"https:\/\/www.letelegraphe.com\/wp\/#website"},"primaryImageOfPage":{"@id":"https:\/\/www.letelegraphe.com\/wp\/2023\/05\/04\/recensement-electoral-la-dmp-exige-une-prolongation-des-operations-dans-la-zone-1\/#primaryimage"},"image":{"@id":"https:\/\/www.letelegraphe.com\/wp\/2023\/05\/04\/recensement-electoral-la-dmp-exige-une-prolongation-des-operations-dans-la-zone-1\/#primaryimage"},"thumbnailUrl":"https:\/\/www.letelegraphe.com\/wp\/wp-content\/uploads\/2023\/05\/IMG-1.jpg","datePublished":"2023-05-04T07:10:33+00:00","dateModified":"2023-05-04T07:21:59+00:00","breadcrumb":{"@id":"https:\/\/www.letelegraphe.com\/wp\/2023\/05\/04\/recensement-electoral-la-dmp-exige-une-prolongation-des-operations-dans-la-zone-1\/#breadcrumb"},"inLanguage":"fr-FR","potentialAction":[{"@type":"ReadAction","target":["https:\/\/www.letelegraphe.com\/wp\/2023\/05\/04\/recensement-electoral-la-dmp-exige-une-prolongation-des-operations-dans-la-zone-1\/"]}]},{"@type":"ImageObject","inLanguage":"fr-FR","@id":"https:\/\/www.letelegraphe.com\/wp\/2023\/05\/04\/recensement-electoral-la-dmp-exige-une-prolongation-des-operations-dans-la-zone-1\/#primaryimage","url":"https:\/\/www.letelegraphe.com\/wp\/wp-content\/uploads\/2023\/05\/IMG-1.jpg","contentUrl":"https:\/\/www.letelegraphe.com\/wp\/wp-content\/uploads\/2023\/05\/IMG-1.jpg","width":1280,"height":720},{"@type":"BreadcrumbList","@id":"https:\/\/www.letelegraphe.com\/wp\/2023\/05\/04\/recensement-electoral-la-dmp-exige-une-prolongation-des-operations-dans-la-zone-1\/#breadcrumb","itemListElement":[{"@type":"ListItem","position":1,"name":"Accueil","item":"https:\/\/www.letelegraphe.com\/wp\/"},{"@type":"ListItem","position":2,"name":"Recensement \u00e9lectoral : La DMP exige une prolongation des op\u00e9rations dans la Zone 1"}]},{"@type":"WebSite","@id":"https:\/\/www.letelegraphe.com\/wp\/#website","url":"https:\/\/www.letelegraphe.com\/wp\/","name":"Letelegraphe.com","description":"Site d&#039;actualit\u00e9s","publisher":{"@id":"https:\/\/www.letelegraphe.com\/wp\/#organization"},"potentialAction":[{"@type":"SearchAction","target":{"@type":"EntryPoint","urlTemplate":"https:\/\/www.letelegraphe.com\/wp\/?s={search_term_string}"},"query-input":{"@type":"PropertyValueSpecification","valueRequired":true,"valueName":"search_term_string"}}],"inLanguage":"fr-FR"},{"@type":"Organization","@id":"https:\/\/www.letelegraphe.com\/wp\/#organization","name":"Letelegraphe.com","url":"https:\/\/www.letelegraphe.com\/wp\/","logo":{"@type":"ImageObject","inLanguage":"fr-FR","@id":"https:\/\/www.letelegraphe.com\/wp\/#\/schema\/logo\/image\/","url":"https:\/\/www.letelegraphe.com\/wp\/wp-content\/uploads\/2021\/01\/cropped-logo_an24_tr.png","contentUrl":"https:\/\/www.letelegraphe.com\/wp\/wp-content\/uploads\/2021\/01\/cropped-logo_an24_tr.png","width":400,"height":100,"caption":"Letelegraphe.com"},"image":{"@id":"https:\/\/www.letelegraphe.com\/wp\/#\/schema\/logo\/image\/"}},{"@type":"Person","@id":"https:\/\/www.letelegraphe.com\/wp\/#\/schema\/person\/157b034500a34f201fcd0527b9e0ca3e","name":"Le T\u00e9l\u00e9graphe","image":{"@type":"ImageObject","inLanguage":"fr-FR","@id":"https:\/\/www.letelegraphe.com\/wp\/#\/schema\/person\/image\/","url":"https:\/\/secure.gravatar.com\/avatar\/8d896174d74e318013154a042fdbf8d608b0679d610850b1dde354cca267c74f?s=96&d=mm&r=g","contentUrl":"https:\/\/secure.gravatar.com\/avatar\/8d896174d74e318013154a042fdbf8d608b0679d610850b1dde354cca267c74f?s=96&d=mm&r=g","caption":"Le T\u00e9l\u00e9graphe"},"sameAs":["https:\/\/www.letelegraphe.com","https:\/\/www.facebook.com\/afriqueN24","https:\/\/x.com\/afriqueN24"],"url":"https:\/\/www.letelegraphe.com\/wp\/author\/ltgadmin\/"}]}},"featured_image_urls":{"full":["https:\/\/www.letelegraphe.com\/wp\/wp-content\/uploads\/2023\/05\/IMG-1.jpg",1280,720,false],"thumbnail":["https:\/\/www.letelegraphe.com\/wp\/wp-content\/uploads\/2023\/05\/IMG-1-150x150.jpg",150,150,true],"medium":["https:\/\/www.letelegraphe.com\/wp\/wp-content\/uploads\/2023\/05\/IMG-1-300x169.jpg",300,169,true],"medium_large":["https:\/\/www.letelegraphe.com\/wp\/wp-content\/uploads\/2023\/05\/IMG-1-768x432.jpg",640,360,true],"large":["https:\/\/www.letelegraphe.com\/wp\/wp-content\/uploads\/2023\/05\/IMG-1-1024x576.jpg",640,360,true],"1536x1536":["https:\/\/www.letelegraphe.com\/wp\/wp-content\/uploads\/2023\/05\/IMG-1.jpg",1280,720,false],"2048x2048":["https:\/\/www.letelegraphe.com\/wp\/wp-content\/uploads\/2023\/05\/IMG-1.jpg",1280,720,false],"newsphere-slider-full":["https:\/\/www.letelegraphe.com\/wp\/wp-content\/uploads\/2023\/05\/IMG-1.jpg",1280,720,false],"newsphere-featured":["https:\/\/www.letelegraphe.com\/wp\/wp-content\/uploads\/2023\/05\/IMG-1-1024x576.jpg",1024,576,true],"newsphere-medium":["https:\/\/www.letelegraphe.com\/wp\/wp-content\/uploads\/2023\/05\/IMG-1-720x380.jpg",720,380,true]},"author_info":{"display_name":"Le T\u00e9l\u00e9graphe","author_link":"https:\/\/www.letelegraphe.com\/wp\/author\/ltgadmin\/"},"category_info":"<a href=\"https:\/\/www.letelegraphe.com\/wp\/category\/a-la-une\/\" rel=\"category tag\">A LA UNE<\/a> <a href=\"https:\/\/www.letelegraphe.com\/wp\/category\/region\/maritime\/\" rel=\"category tag\">MARITIME<\/a> <a href=\"https:\/\/www.letelegraphe.com\/wp\/category\/region\/\" rel=\"category tag\">R\u00c9GION<\/a> <a href=\"https:\/\/www.letelegraphe.com\/wp\/category\/togo\/\" rel=\"category tag\">TOGO<\/a>","tag_info":"TOGO","comment_count":"0","_links":{"self":[{"href":"https:\/\/www.letelegraphe.com\/wp\/wp-json\/wp\/v2\/posts\/2221","targetHints":{"allow":["GET"]}}],"collection":[{"href":"https:\/\/www.letelegraphe.com\/wp\/wp-json\/wp\/v2\/posts"}],"about":[{"href":"https:\/\/www.letelegraphe.com\/wp\/wp-json\/wp\/v2\/types\/post"}],"author":[{"embeddable":true,"href":"https:\/\/www.letelegraphe.com\/wp\/wp-json\/wp\/v2\/users\/1"}],"replies":[{"embeddable":true,"href":"https:\/\/www.letelegraphe.com\/wp\/wp-json\/wp\/v2\/comments?post=2221"}],"version-history":[{"count":2,"href":"https:\/\/www.letelegraphe.com\/wp\/wp-json\/wp\/v2\/posts\/2221\/revisions"}],"predecessor-version":[{"id":2227,"href":"https:\/\/www.letelegraphe.com\/wp\/wp-json\/wp\/v2\/posts\/2221\/revisions\/2227"}],"wp:featuredmedia":[{"embeddable":true,"href":"https:\/\/www.letelegraphe.com\/wp\/wp-json\/wp\/v2\/media\/2224"}],"wp:attachment":[{"href":"https:\/\/www.letelegraphe.com\/wp\/wp-json\/wp\/v2\/media?parent=2221"}],"wp:term":[{"taxonomy":"category","embeddable":true,"href":"https:\/\/www.letelegraphe.com\/wp\/wp-json\/wp\/v2\/categories?post=2221"},{"taxonomy":"post_tag","embeddable":true,"href":"https:\/\/www.letelegraphe.com\/wp\/wp-json\/wp\/v2\/tags?post=2221"}],"curies":[{"name":"wp","href":"https:\/\/api.w.org\/{rel}","templated":true}]}}