{"id":737,"date":"2021-02-07T15:47:27","date_gmt":"2021-02-07T14:47:27","guid":{"rendered":"https:\/\/www.letelegraphe.com\/wp\/?p=737"},"modified":"2021-02-07T15:47:29","modified_gmt":"2021-02-07T14:47:29","slug":"agression-physique-de-lopposant-ganiou-soglo","status":"publish","type":"post","link":"https:\/\/www.letelegraphe.com\/wp\/2021\/02\/07\/agression-physique-de-lopposant-ganiou-soglo\/","title":{"rendered":"Agression physique de l\u2019opposant Ganiou Soglo"},"content":{"rendered":"\n<p><strong>L\u2019opposant Ganiou Sogo et candidat \u00e0 la pr\u00e9sidentielle du 11 avril 2021 a \u00e9t\u00e9 victime d\u2019une attaque par balles dans la nuit du vendredi 05 f\u00e9vrier 2021.<\/strong><strong>&nbsp;Plusieurs partis et mouvements de l\u2019opposition ont r\u00e9agi \u00e0 cette actualit\u00e9.<\/strong><\/p>\n\n\n\n<p><strong>A travers un communiqu\u00e9, Les D\u00e9mocrates, l\u2019USL, et le Front unie pour la restauration de la d\u00e9mocratie (FRD) ont condamn\u00e9 cet acte et exig\u00e9 l\u2019ouverture rapide d\u2019une enqu\u00eate pour identifier les auteurs.<\/strong><br><br><\/p>\n\n\n\n<div class=\"wp-block-image\"><figure class=\"aligncenter\"><img decoding=\"async\" src=\"https:\/\/kpakpatomedias.files.wordpress.com\/2021\/02\/146788213_229767305524527_1371376998871584605_o.jpg?w=516\" alt=\"\"\/><\/figure><\/div>\n","protected":false},"excerpt":{"rendered":"<p>L\u2019opposant Ganiou Sogo et candidat \u00e0 la pr\u00e9sidentielle du 11 avril 2021 a \u00e9t\u00e9 victime&#8230;<\/p>\n","protected":false},"author":1,"featured_media":738,"comment_status":"closed","ping_status":"open","sticky":false,"template":"","format":"standard","meta":{"sfsi_plus_gutenberg_text_before_share":"","sfsi_plus_gutenberg_show_text_before_share":"","sfsi_plus_gutenberg_icon_type":"","sfsi_plus_gutenberg_icon_alignemt":"","sfsi_plus_gutenburg_max_per_row":"","footnotes":""},"categories":[36,4],"tags":[],"class_list":["post-737","post","type-post","status-publish","format-standard","has-post-thumbnail","hentry","category-benin","category-international"],"yoast_head":"<!-- This site is optimized with the Yoast SEO plugin v26.0 - https:\/\/yoast.com\/wordpress\/plugins\/seo\/ -->\n<title>Agression physique de l\u2019opposant Ganiou Soglo - Letelegraphe.com<\/title>\n<meta name=\"robots\" content=\"index, follow, max-snippet:-1, max-image-preview:large, max-video-preview:-1\" \/>\n<link rel=\"canonical\" href=\"https:\/\/www.letelegraphe.com\/wp\/2021\/02\/07\/agression-physique-de-lopposant-ganiou-soglo\/\" \/>\n<meta property=\"og:locale\" content=\"fr_FR\" \/>\n<meta property=\"og:type\" content=\"article\" \/>\n<meta property=\"og:title\" content=\"Agression physique de l\u2019opposant Ganiou Soglo - Letelegraphe.com\" \/>\n<meta property=\"og:description\" content=\"L\u2019opposant Ganiou Sogo et candidat \u00e0 la pr\u00e9sidentielle du 11 avril 2021 a \u00e9t\u00e9 victime...\" \/>\n<meta property=\"og:url\" content=\"https:\/\/www.letelegraphe.com\/wp\/2021\/02\/07\/agression-physique-de-lopposant-ganiou-soglo\/\" \/>\n<meta property=\"og:site_name\" content=\"Letelegraphe.com\" \/>\n<meta property=\"article:author\" content=\"https:\/\/www.facebook.com\/afriqueN24\" \/>\n<meta property=\"article:published_time\" content=\"2021-02-07T14:47:27+00:00\" \/>\n<meta property=\"article:modified_time\" content=\"2021-02-07T14:47:29+00:00\" \/>\n<meta property=\"og:image\" content=\"https:\/\/www.letelegraphe.com\/wp\/wp-content\/uploads\/2021\/02\/TITRE_58.jpg\" \/>\n\t<meta property=\"og:image:width\" content=\"1920\" \/>\n\t<meta property=\"og:image:height\" content=\"1080\" \/>\n\t<meta property=\"og:image:type\" content=\"image\/jpeg\" \/>\n<meta name=\"author\" content=\"Le T\u00e9l\u00e9graphe\" \/>\n<meta name=\"twitter:card\" content=\"summary_large_image\" \/>\n<meta name=\"twitter:creator\" content=\"@afriqueN24\" \/>\n<meta name=\"twitter:label1\" content=\"\u00c9crit par\" \/>\n\t<meta name=\"twitter:data1\" content=\"Le T\u00e9l\u00e9graphe\" \/>\n\t<meta name=\"twitter:label2\" content=\"Dur\u00e9e de lecture estim\u00e9e\" \/>\n\t<meta name=\"twitter:data2\" content=\"1 minute\" \/>\n<script type=\"application\/ld+json\" class=\"yoast-schema-graph\">{\"@context\":\"https:\/\/schema.org\",\"@graph\":[{\"@type\":\"Article\",\"@id\":\"https:\/\/www.letelegraphe.com\/wp\/2021\/02\/07\/agression-physique-de-lopposant-ganiou-soglo\/#article\",\"isPartOf\":{\"@id\":\"https:\/\/www.letelegraphe.com\/wp\/2021\/02\/07\/agression-physique-de-lopposant-ganiou-soglo\/\"},\"author\":{\"name\":\"Le T\u00e9l\u00e9graphe\",\"@id\":\"https:\/\/www.letelegraphe.com\/wp\/#\/schema\/person\/157b034500a34f201fcd0527b9e0ca3e\"},\"headline\":\"Agression physique de l\u2019opposant Ganiou Soglo\",\"datePublished\":\"2021-02-07T14:47:27+00:00\",\"dateModified\":\"2021-02-07T14:47:29+00:00\",\"mainEntityOfPage\":{\"@id\":\"https:\/\/www.letelegraphe.com\/wp\/2021\/02\/07\/agression-physique-de-lopposant-ganiou-soglo\/\"},\"wordCount\":84,\"publisher\":{\"@id\":\"https:\/\/www.letelegraphe.com\/wp\/#organization\"},\"image\":{\"@id\":\"https:\/\/www.letelegraphe.com\/wp\/2021\/02\/07\/agression-physique-de-lopposant-ganiou-soglo\/#primaryimage\"},\"thumbnailUrl\":\"https:\/\/www.letelegraphe.com\/wp\/wp-content\/uploads\/2021\/02\/TITRE_58.jpg\",\"articleSection\":[\"BENIN\",\"INTERNATIONAL\"],\"inLanguage\":\"fr-FR\"},{\"@type\":\"WebPage\",\"@id\":\"https:\/\/www.letelegraphe.com\/wp\/2021\/02\/07\/agression-physique-de-lopposant-ganiou-soglo\/\",\"url\":\"https:\/\/www.letelegraphe.com\/wp\/2021\/02\/07\/agression-physique-de-lopposant-ganiou-soglo\/\",\"name\":\"Agression physique de l\u2019opposant Ganiou Soglo - Letelegraphe.com\",\"isPartOf\":{\"@id\":\"https:\/\/www.letelegraphe.com\/wp\/#website\"},\"primaryImageOfPage\":{\"@id\":\"https:\/\/www.letelegraphe.com\/wp\/2021\/02\/07\/agression-physique-de-lopposant-ganiou-soglo\/#primaryimage\"},\"image\":{\"@id\":\"https:\/\/www.letelegraphe.com\/wp\/2021\/02\/07\/agression-physique-de-lopposant-ganiou-soglo\/#primaryimage\"},\"thumbnailUrl\":\"https:\/\/www.letelegraphe.com\/wp\/wp-content\/uploads\/2021\/02\/TITRE_58.jpg\",\"datePublished\":\"2021-02-07T14:47:27+00:00\",\"dateModified\":\"2021-02-07T14:47:29+00:00\",\"breadcrumb\":{\"@id\":\"https:\/\/www.letelegraphe.com\/wp\/2021\/02\/07\/agression-physique-de-lopposant-ganiou-soglo\/#breadcrumb\"},\"inLanguage\":\"fr-FR\",\"potentialAction\":[{\"@type\":\"ReadAction\",\"target\":[\"https:\/\/www.letelegraphe.com\/wp\/2021\/02\/07\/agression-physique-de-lopposant-ganiou-soglo\/\"]}]},{\"@type\":\"ImageObject\",\"inLanguage\":\"fr-FR\",\"@id\":\"https:\/\/www.letelegraphe.com\/wp\/2021\/02\/07\/agression-physique-de-lopposant-ganiou-soglo\/#primaryimage\",\"url\":\"https:\/\/www.letelegraphe.com\/wp\/wp-content\/uploads\/2021\/02\/TITRE_58.jpg\",\"contentUrl\":\"https:\/\/www.letelegraphe.com\/wp\/wp-content\/uploads\/2021\/02\/TITRE_58.jpg\",\"width\":1920,\"height\":1080},{\"@type\":\"BreadcrumbList\",\"@id\":\"https:\/\/www.letelegraphe.com\/wp\/2021\/02\/07\/agression-physique-de-lopposant-ganiou-soglo\/#breadcrumb\",\"itemListElement\":[{\"@type\":\"ListItem\",\"position\":1,\"name\":\"Accueil\",\"item\":\"https:\/\/www.letelegraphe.com\/wp\/\"},{\"@type\":\"ListItem\",\"position\":2,\"name\":\"Agression physique de l\u2019opposant Ganiou Soglo\"}]},{\"@type\":\"WebSite\",\"@id\":\"https:\/\/www.letelegraphe.com\/wp\/#website\",\"url\":\"https:\/\/www.letelegraphe.com\/wp\/\",\"name\":\"Letelegraphe.com\",\"description\":\"Site d&#039;actualit\u00e9s\",\"publisher\":{\"@id\":\"https:\/\/www.letelegraphe.com\/wp\/#organization\"},\"potentialAction\":[{\"@type\":\"SearchAction\",\"target\":{\"@type\":\"EntryPoint\",\"urlTemplate\":\"https:\/\/www.letelegraphe.com\/wp\/?s={search_term_string}\"},\"query-input\":{\"@type\":\"PropertyValueSpecification\",\"valueRequired\":true,\"valueName\":\"search_term_string\"}}],\"inLanguage\":\"fr-FR\"},{\"@type\":\"Organization\",\"@id\":\"https:\/\/www.letelegraphe.com\/wp\/#organization\",\"name\":\"Letelegraphe.com\",\"url\":\"https:\/\/www.letelegraphe.com\/wp\/\",\"logo\":{\"@type\":\"ImageObject\",\"inLanguage\":\"fr-FR\",\"@id\":\"https:\/\/www.letelegraphe.com\/wp\/#\/schema\/logo\/image\/\",\"url\":\"https:\/\/www.letelegraphe.com\/wp\/wp-content\/uploads\/2021\/01\/cropped-logo_an24_tr.png\",\"contentUrl\":\"https:\/\/www.letelegraphe.com\/wp\/wp-content\/uploads\/2021\/01\/cropped-logo_an24_tr.png\",\"width\":400,\"height\":100,\"caption\":\"Letelegraphe.com\"},\"image\":{\"@id\":\"https:\/\/www.letelegraphe.com\/wp\/#\/schema\/logo\/image\/\"}},{\"@type\":\"Person\",\"@id\":\"https:\/\/www.letelegraphe.com\/wp\/#\/schema\/person\/157b034500a34f201fcd0527b9e0ca3e\",\"name\":\"Le T\u00e9l\u00e9graphe\",\"image\":{\"@type\":\"ImageObject\",\"inLanguage\":\"fr-FR\",\"@id\":\"https:\/\/www.letelegraphe.com\/wp\/#\/schema\/person\/image\/\",\"url\":\"https:\/\/secure.gravatar.com\/avatar\/8d896174d74e318013154a042fdbf8d608b0679d610850b1dde354cca267c74f?s=96&d=mm&r=g\",\"contentUrl\":\"https:\/\/secure.gravatar.com\/avatar\/8d896174d74e318013154a042fdbf8d608b0679d610850b1dde354cca267c74f?s=96&d=mm&r=g\",\"caption\":\"Le T\u00e9l\u00e9graphe\"},\"sameAs\":[\"https:\/\/www.letelegraphe.com\",\"https:\/\/www.facebook.com\/afriqueN24\",\"https:\/\/x.com\/afriqueN24\"],\"url\":\"https:\/\/www.letelegraphe.com\/wp\/author\/ltgadmin\/\"}]}<\/script>\n<!-- \/ Yoast SEO plugin. -->","yoast_head_json":{"title":"Agression physique de l\u2019opposant Ganiou Soglo - Letelegraphe.com","robots":{"index":"index","follow":"follow","max-snippet":"max-snippet:-1","max-image-preview":"max-image-preview:large","max-video-preview":"max-video-preview:-1"},"canonical":"https:\/\/www.letelegraphe.com\/wp\/2021\/02\/07\/agression-physique-de-lopposant-ganiou-soglo\/","og_locale":"fr_FR","og_type":"article","og_title":"Agression physique de l\u2019opposant Ganiou Soglo - Letelegraphe.com","og_description":"L\u2019opposant Ganiou Sogo et candidat \u00e0 la pr\u00e9sidentielle du 11 avril 2021 a \u00e9t\u00e9 victime...","og_url":"https:\/\/www.letelegraphe.com\/wp\/2021\/02\/07\/agression-physique-de-lopposant-ganiou-soglo\/","og_site_name":"Letelegraphe.com","article_author":"https:\/\/www.facebook.com\/afriqueN24","article_published_time":"2021-02-07T14:47:27+00:00","article_modified_time":"2021-02-07T14:47:29+00:00","og_image":[{"width":1920,"height":1080,"url":"https:\/\/www.letelegraphe.com\/wp\/wp-content\/uploads\/2021\/02\/TITRE_58.jpg","type":"image\/jpeg"}],"author":"Le T\u00e9l\u00e9graphe","twitter_card":"summary_large_image","twitter_creator":"@afriqueN24","twitter_misc":{"\u00c9crit par":"Le T\u00e9l\u00e9graphe","Dur\u00e9e de lecture estim\u00e9e":"1 minute"},"schema":{"@context":"https:\/\/schema.org","@graph":[{"@type":"Article","@id":"https:\/\/www.letelegraphe.com\/wp\/2021\/02\/07\/agression-physique-de-lopposant-ganiou-soglo\/#article","isPartOf":{"@id":"https:\/\/www.letelegraphe.com\/wp\/2021\/02\/07\/agression-physique-de-lopposant-ganiou-soglo\/"},"author":{"name":"Le T\u00e9l\u00e9graphe","@id":"https:\/\/www.letelegraphe.com\/wp\/#\/schema\/person\/157b034500a34f201fcd0527b9e0ca3e"},"headline":"Agression physique de l\u2019opposant Ganiou Soglo","datePublished":"2021-02-07T14:47:27+00:00","dateModified":"2021-02-07T14:47:29+00:00","mainEntityOfPage":{"@id":"https:\/\/www.letelegraphe.com\/wp\/2021\/02\/07\/agression-physique-de-lopposant-ganiou-soglo\/"},"wordCount":84,"publisher":{"@id":"https:\/\/www.letelegraphe.com\/wp\/#organization"},"image":{"@id":"https:\/\/www.letelegraphe.com\/wp\/2021\/02\/07\/agression-physique-de-lopposant-ganiou-soglo\/#primaryimage"},"thumbnailUrl":"https:\/\/www.letelegraphe.com\/wp\/wp-content\/uploads\/2021\/02\/TITRE_58.jpg","articleSection":["BENIN","INTERNATIONAL"],"inLanguage":"fr-FR"},{"@type":"WebPage","@id":"https:\/\/www.letelegraphe.com\/wp\/2021\/02\/07\/agression-physique-de-lopposant-ganiou-soglo\/","url":"https:\/\/www.letelegraphe.com\/wp\/2021\/02\/07\/agression-physique-de-lopposant-ganiou-soglo\/","name":"Agression physique de l\u2019opposant Ganiou Soglo - Letelegraphe.com","isPartOf":{"@id":"https:\/\/www.letelegraphe.com\/wp\/#website"},"primaryImageOfPage":{"@id":"https:\/\/www.letelegraphe.com\/wp\/2021\/02\/07\/agression-physique-de-lopposant-ganiou-soglo\/#primaryimage"},"image":{"@id":"https:\/\/www.letelegraphe.com\/wp\/2021\/02\/07\/agression-physique-de-lopposant-ganiou-soglo\/#primaryimage"},"thumbnailUrl":"https:\/\/www.letelegraphe.com\/wp\/wp-content\/uploads\/2021\/02\/TITRE_58.jpg","datePublished":"2021-02-07T14:47:27+00:00","dateModified":"2021-02-07T14:47:29+00:00","breadcrumb":{"@id":"https:\/\/www.letelegraphe.com\/wp\/2021\/02\/07\/agression-physique-de-lopposant-ganiou-soglo\/#breadcrumb"},"inLanguage":"fr-FR","potentialAction":[{"@type":"ReadAction","target":["https:\/\/www.letelegraphe.com\/wp\/2021\/02\/07\/agression-physique-de-lopposant-ganiou-soglo\/"]}]},{"@type":"ImageObject","inLanguage":"fr-FR","@id":"https:\/\/www.letelegraphe.com\/wp\/2021\/02\/07\/agression-physique-de-lopposant-ganiou-soglo\/#primaryimage","url":"https:\/\/www.letelegraphe.com\/wp\/wp-content\/uploads\/2021\/02\/TITRE_58.jpg","contentUrl":"https:\/\/www.letelegraphe.com\/wp\/wp-content\/uploads\/2021\/02\/TITRE_58.jpg","width":1920,"height":1080},{"@type":"BreadcrumbList","@id":"https:\/\/www.letelegraphe.com\/wp\/2021\/02\/07\/agression-physique-de-lopposant-ganiou-soglo\/#breadcrumb","itemListElement":[{"@type":"ListItem","position":1,"name":"Accueil","item":"https:\/\/www.letelegraphe.com\/wp\/"},{"@type":"ListItem","position":2,"name":"Agression physique de l\u2019opposant Ganiou Soglo"}]},{"@type":"WebSite","@id":"https:\/\/www.letelegraphe.com\/wp\/#website","url":"https:\/\/www.letelegraphe.com\/wp\/","name":"Letelegraphe.com","description":"Site d&#039;actualit\u00e9s","publisher":{"@id":"https:\/\/www.letelegraphe.com\/wp\/#organization"},"potentialAction":[{"@type":"SearchAction","target":{"@type":"EntryPoint","urlTemplate":"https:\/\/www.letelegraphe.com\/wp\/?s={search_term_string}"},"query-input":{"@type":"PropertyValueSpecification","valueRequired":true,"valueName":"search_term_string"}}],"inLanguage":"fr-FR"},{"@type":"Organization","@id":"https:\/\/www.letelegraphe.com\/wp\/#organization","name":"Letelegraphe.com","url":"https:\/\/www.letelegraphe.com\/wp\/","logo":{"@type":"ImageObject","inLanguage":"fr-FR","@id":"https:\/\/www.letelegraphe.com\/wp\/#\/schema\/logo\/image\/","url":"https:\/\/www.letelegraphe.com\/wp\/wp-content\/uploads\/2021\/01\/cropped-logo_an24_tr.png","contentUrl":"https:\/\/www.letelegraphe.com\/wp\/wp-content\/uploads\/2021\/01\/cropped-logo_an24_tr.png","width":400,"height":100,"caption":"Letelegraphe.com"},"image":{"@id":"https:\/\/www.letelegraphe.com\/wp\/#\/schema\/logo\/image\/"}},{"@type":"Person","@id":"https:\/\/www.letelegraphe.com\/wp\/#\/schema\/person\/157b034500a34f201fcd0527b9e0ca3e","name":"Le T\u00e9l\u00e9graphe","image":{"@type":"ImageObject","inLanguage":"fr-FR","@id":"https:\/\/www.letelegraphe.com\/wp\/#\/schema\/person\/image\/","url":"https:\/\/secure.gravatar.com\/avatar\/8d896174d74e318013154a042fdbf8d608b0679d610850b1dde354cca267c74f?s=96&d=mm&r=g","contentUrl":"https:\/\/secure.gravatar.com\/avatar\/8d896174d74e318013154a042fdbf8d608b0679d610850b1dde354cca267c74f?s=96&d=mm&r=g","caption":"Le T\u00e9l\u00e9graphe"},"sameAs":["https:\/\/www.letelegraphe.com","https:\/\/www.facebook.com\/afriqueN24","https:\/\/x.com\/afriqueN24"],"url":"https:\/\/www.letelegraphe.com\/wp\/author\/ltgadmin\/"}]}},"featured_image_urls":{"full":["https:\/\/www.letelegraphe.com\/wp\/wp-content\/uploads\/2021\/02\/TITRE_58.jpg",1920,1080,false],"thumbnail":["https:\/\/www.letelegraphe.com\/wp\/wp-content\/uploads\/2021\/02\/TITRE_58-150x150.jpg",150,150,true],"medium":["https:\/\/www.letelegraphe.com\/wp\/wp-content\/uploads\/2021\/02\/TITRE_58-300x169.jpg",300,169,true],"medium_large":["https:\/\/www.letelegraphe.com\/wp\/wp-content\/uploads\/2021\/02\/TITRE_58-768x432.jpg",640,360,true],"large":["https:\/\/www.letelegraphe.com\/wp\/wp-content\/uploads\/2021\/02\/TITRE_58-1024x576.jpg",640,360,true],"1536x1536":["https:\/\/www.letelegraphe.com\/wp\/wp-content\/uploads\/2021\/02\/TITRE_58-1536x864.jpg",1536,864,true],"2048x2048":["https:\/\/www.letelegraphe.com\/wp\/wp-content\/uploads\/2021\/02\/TITRE_58.jpg",1920,1080,false],"newsphere-slider-full":["https:\/\/www.letelegraphe.com\/wp\/wp-content\/uploads\/2021\/02\/TITRE_58-1280x720.jpg",1280,720,true],"newsphere-featured":["https:\/\/www.letelegraphe.com\/wp\/wp-content\/uploads\/2021\/02\/TITRE_58-1024x576.jpg",1024,576,true],"newsphere-medium":["https:\/\/www.letelegraphe.com\/wp\/wp-content\/uploads\/2021\/02\/TITRE_58-720x380.jpg",720,380,true]},"author_info":{"display_name":"Le T\u00e9l\u00e9graphe","author_link":"https:\/\/www.letelegraphe.com\/wp\/author\/ltgadmin\/"},"category_info":"<a href=\"https:\/\/www.letelegraphe.com\/wp\/category\/international\/benin\/\" rel=\"category tag\">BENIN<\/a> <a href=\"https:\/\/www.letelegraphe.com\/wp\/category\/international\/\" rel=\"category tag\">INTERNATIONAL<\/a>","tag_info":"INTERNATIONAL","comment_count":"0","_links":{"self":[{"href":"https:\/\/www.letelegraphe.com\/wp\/wp-json\/wp\/v2\/posts\/737","targetHints":{"allow":["GET"]}}],"collection":[{"href":"https:\/\/www.letelegraphe.com\/wp\/wp-json\/wp\/v2\/posts"}],"about":[{"href":"https:\/\/www.letelegraphe.com\/wp\/wp-json\/wp\/v2\/types\/post"}],"author":[{"embeddable":true,"href":"https:\/\/www.letelegraphe.com\/wp\/wp-json\/wp\/v2\/users\/1"}],"replies":[{"embeddable":true,"href":"https:\/\/www.letelegraphe.com\/wp\/wp-json\/wp\/v2\/comments?post=737"}],"version-history":[{"count":1,"href":"https:\/\/www.letelegraphe.com\/wp\/wp-json\/wp\/v2\/posts\/737\/revisions"}],"predecessor-version":[{"id":739,"href":"https:\/\/www.letelegraphe.com\/wp\/wp-json\/wp\/v2\/posts\/737\/revisions\/739"}],"wp:featuredmedia":[{"embeddable":true,"href":"https:\/\/www.letelegraphe.com\/wp\/wp-json\/wp\/v2\/media\/738"}],"wp:attachment":[{"href":"https:\/\/www.letelegraphe.com\/wp\/wp-json\/wp\/v2\/media?parent=737"}],"wp:term":[{"taxonomy":"category","embeddable":true,"href":"https:\/\/www.letelegraphe.com\/wp\/wp-json\/wp\/v2\/categories?post=737"},{"taxonomy":"post_tag","embeddable":true,"href":"https:\/\/www.letelegraphe.com\/wp\/wp-json\/wp\/v2\/tags?post=737"}],"curies":[{"name":"wp","href":"https:\/\/api.w.org\/{rel}","templated":true}]}}