{"id":76,"date":"2021-01-19T22:56:00","date_gmt":"2021-01-19T21:56:00","guid":{"rendered":"https:\/\/demo.afthemes.com\/elegant-magazine\/newsportal\/?p=76"},"modified":"2021-01-26T23:01:58","modified_gmt":"2021-01-26T22:01:58","slug":"epa-fires-staffer-who-approved-report-downplaying-threats-to-scott-pruitt","status":"publish","type":"post","link":"https:\/\/www.letelegraphe.com\/wp\/2021\/01\/19\/epa-fires-staffer-who-approved-report-downplaying-threats-to-scott-pruitt\/","title":{"rendered":"la DMK demande un r\u00e8glement prioritaire du contentieux 2020"},"content":{"rendered":"<div class=\"itemIntroText\">\n<p>Le ministre togolais en charge de l\u2019administration territoriale, Payadowa Boukpessi rencontre ce mardi 19 janvier les partis politiques dans le cadre des prochaines \u00e9lections r\u00e9gionales. Sont attendues \u00e0 cette r\u00e9union toutes les formations politiques ayant pris part aux derni\u00e8res \u00e9lections organis\u00e9es dans le pays. A la Dynamique Monseigneur Kpodzro (DMK) on estime qu\u2019il faut r\u00e9gler le contentieux \u00e9lectoral avant tout autre discussion.<\/p>\n<\/div>\n<div class=\"itemFullText\">\n<p>Dans un communiqu\u00e9 publi\u00e9 mardi, la DMK informe que 4&nbsp; de ses formations politiques, en l\u2019occurrence le Mouvement Patriotique pour la D\u00e9mocratie et le D\u00e9veloppement (MPDD), la Convention D\u00e9mocratique des Peuples Africains (CDPA), les D\u00e9mocrates Socialistes Africains (DSA) et Le NID, ont respectivement re\u00e7u un courrier les invitant \u00e0 prendre part \u00e0 la deuxi\u00e8me rencontre initi\u00e9e par le minist\u00e8re de l\u2019administration territoriale relativement \u00e0 l\u2019organisation des \u00e9lections r\u00e9gionales \u00e0 venir.<\/p>\n<p>Selon le document, apr\u00e8s concertation avec l\u2019ensemble des partis et organisations membres de la DMK, les partis politiques ont fait connaitre au gouvernement par un courrier conjointement sign\u00e9 que la DMK n\u2019est pas hostile \u00e0 un dialogue politique encore moins aux \u00e9lections r\u00e9gionales.<\/p>\n<blockquote><p>\u00ab La DMK pense que pour amener le peuple togolais \u00e0 adh\u00e9rer \u00e0 toute initiative concernant la gouvernance politique, il y a des questions urgentes \u00e0 r\u00e9gler de fa\u00e7on consensuelle avant les discussions projet\u00e9es \u00bb, ajoute la note.<\/p><\/blockquote>\n<p>La Dynamique exige&nbsp; dans cet esprit,&nbsp; l\u2019inscription prioritaire \u00e0 l\u2019ordre du jour des discussions, le point sur le contentieux \u00e9lectoral n\u00e9 de l\u2019\u00e9lection pr\u00e9sidentielle du 22 f\u00e9vrier 2020,&nbsp; l\u2019abandon des charges et poursuites judiciaires contre les responsables de la DMK y compris&nbsp; Kokou Dekpo&nbsp; dit Proph\u00e8te Esa\u00efe et&nbsp; le retour au Togo et en toute s\u00e9curit\u00e9 du Docteur Gabriel Messan Agb\u00e9yome Kodjo.<\/p>\n<p>Pour la Conf\u00e9rence des pr\u00e9sidents, les principaux protagonistes de la crise post-\u00e9lectorale actuelle sont bien la DMK et le pouvoir actuel.<\/p>\n<blockquote><p>\u00ab L\u2019\u00e9thique commande que ce soit prioritairement avec la DMK que les pourparlers politiques, \u00e9largis aux autres formations politiques soient men\u00e9s en vue de d\u00e9boucher sur une r\u00e9conciliation nationale dont notre pays a besoin pour se relancer \u00bb, pense-t-elle.<\/p><\/blockquote>\n<p>Elle invite le gouvernement \u00e0 quitter sa posture de d\u00e9ni de la crise et \u00e0 un sursaut r\u00e9publicain de la classe politique toutes tendances confondues.<\/p>\n<\/div>\n","protected":false},"excerpt":{"rendered":"<p>Le ministre togolais en charge de l\u2019administration territoriale, Payadowa Boukpessi rencontre ce mardi 19 janvier&#8230;<\/p>\n","protected":false},"author":1,"featured_media":478,"comment_status":"open","ping_status":"open","sticky":false,"template":"","format":"standard","meta":{"sfsi_plus_gutenberg_text_before_share":"","sfsi_plus_gutenberg_show_text_before_share":"","sfsi_plus_gutenberg_icon_type":"","sfsi_plus_gutenberg_icon_alignemt":"","sfsi_plus_gutenburg_max_per_row":"","footnotes":""},"categories":[7,5],"tags":[],"class_list":["post-76","post","type-post","status-publish","format-standard","has-post-thumbnail","hentry","category-politique","category-togo"],"yoast_head":"<!-- This site is optimized with the Yoast SEO plugin v26.0 - https:\/\/yoast.com\/wordpress\/plugins\/seo\/ -->\n<title>la DMK demande un r\u00e8glement prioritaire du contentieux 2020 - Letelegraphe.com<\/title>\n<meta name=\"robots\" content=\"index, follow, max-snippet:-1, max-image-preview:large, max-video-preview:-1\" \/>\n<link rel=\"canonical\" href=\"https:\/\/www.letelegraphe.com\/wp\/2021\/01\/19\/epa-fires-staffer-who-approved-report-downplaying-threats-to-scott-pruitt\/\" \/>\n<meta property=\"og:locale\" content=\"fr_FR\" \/>\n<meta property=\"og:type\" content=\"article\" \/>\n<meta property=\"og:title\" content=\"la DMK demande un r\u00e8glement prioritaire du contentieux 2020 - Letelegraphe.com\" \/>\n<meta property=\"og:description\" content=\"Le ministre togolais en charge de l\u2019administration territoriale, Payadowa Boukpessi rencontre ce mardi 19 janvier...\" \/>\n<meta property=\"og:url\" content=\"https:\/\/www.letelegraphe.com\/wp\/2021\/01\/19\/epa-fires-staffer-who-approved-report-downplaying-threats-to-scott-pruitt\/\" \/>\n<meta property=\"og:site_name\" content=\"Letelegraphe.com\" \/>\n<meta property=\"article:author\" content=\"https:\/\/www.facebook.com\/afriqueN24\" \/>\n<meta property=\"article:published_time\" content=\"2021-01-19T21:56:00+00:00\" \/>\n<meta property=\"article:modified_time\" content=\"2021-01-26T22:01:58+00:00\" \/>\n<meta property=\"og:image\" content=\"https:\/\/www.letelegraphe.com\/wp\/wp-content\/uploads\/2018\/04\/TITRE_35.jpg\" \/>\n\t<meta property=\"og:image:width\" content=\"1920\" \/>\n\t<meta property=\"og:image:height\" content=\"1080\" \/>\n\t<meta property=\"og:image:type\" content=\"image\/jpeg\" \/>\n<meta name=\"author\" content=\"Le T\u00e9l\u00e9graphe\" \/>\n<meta name=\"twitter:card\" content=\"summary_large_image\" \/>\n<meta name=\"twitter:creator\" content=\"@afriqueN24\" \/>\n<meta name=\"twitter:label1\" content=\"\u00c9crit par\" \/>\n\t<meta name=\"twitter:data1\" content=\"Le T\u00e9l\u00e9graphe\" \/>\n\t<meta name=\"twitter:label2\" content=\"Dur\u00e9e de lecture estim\u00e9e\" \/>\n\t<meta name=\"twitter:data2\" content=\"2 minutes\" \/>\n<script type=\"application\/ld+json\" class=\"yoast-schema-graph\">{\"@context\":\"https:\/\/schema.org\",\"@graph\":[{\"@type\":\"Article\",\"@id\":\"https:\/\/www.letelegraphe.com\/wp\/2021\/01\/19\/epa-fires-staffer-who-approved-report-downplaying-threats-to-scott-pruitt\/#article\",\"isPartOf\":{\"@id\":\"https:\/\/www.letelegraphe.com\/wp\/2021\/01\/19\/epa-fires-staffer-who-approved-report-downplaying-threats-to-scott-pruitt\/\"},\"author\":{\"name\":\"Le T\u00e9l\u00e9graphe\",\"@id\":\"https:\/\/www.letelegraphe.com\/wp\/#\/schema\/person\/157b034500a34f201fcd0527b9e0ca3e\"},\"headline\":\"la DMK demande un r\u00e8glement prioritaire du contentieux 2020\",\"datePublished\":\"2021-01-19T21:56:00+00:00\",\"dateModified\":\"2021-01-26T22:01:58+00:00\",\"mainEntityOfPage\":{\"@id\":\"https:\/\/www.letelegraphe.com\/wp\/2021\/01\/19\/epa-fires-staffer-who-approved-report-downplaying-threats-to-scott-pruitt\/\"},\"wordCount\":402,\"commentCount\":0,\"publisher\":{\"@id\":\"https:\/\/www.letelegraphe.com\/wp\/#organization\"},\"image\":{\"@id\":\"https:\/\/www.letelegraphe.com\/wp\/2021\/01\/19\/epa-fires-staffer-who-approved-report-downplaying-threats-to-scott-pruitt\/#primaryimage\"},\"thumbnailUrl\":\"https:\/\/www.letelegraphe.com\/wp\/wp-content\/uploads\/2018\/04\/TITRE_35.jpg\",\"articleSection\":[\"POLITIQUE\",\"TOGO\"],\"inLanguage\":\"fr-FR\",\"potentialAction\":[{\"@type\":\"CommentAction\",\"name\":\"Comment\",\"target\":[\"https:\/\/www.letelegraphe.com\/wp\/2021\/01\/19\/epa-fires-staffer-who-approved-report-downplaying-threats-to-scott-pruitt\/#respond\"]}]},{\"@type\":\"WebPage\",\"@id\":\"https:\/\/www.letelegraphe.com\/wp\/2021\/01\/19\/epa-fires-staffer-who-approved-report-downplaying-threats-to-scott-pruitt\/\",\"url\":\"https:\/\/www.letelegraphe.com\/wp\/2021\/01\/19\/epa-fires-staffer-who-approved-report-downplaying-threats-to-scott-pruitt\/\",\"name\":\"la DMK demande un r\u00e8glement prioritaire du contentieux 2020 - Letelegraphe.com\",\"isPartOf\":{\"@id\":\"https:\/\/www.letelegraphe.com\/wp\/#website\"},\"primaryImageOfPage\":{\"@id\":\"https:\/\/www.letelegraphe.com\/wp\/2021\/01\/19\/epa-fires-staffer-who-approved-report-downplaying-threats-to-scott-pruitt\/#primaryimage\"},\"image\":{\"@id\":\"https:\/\/www.letelegraphe.com\/wp\/2021\/01\/19\/epa-fires-staffer-who-approved-report-downplaying-threats-to-scott-pruitt\/#primaryimage\"},\"thumbnailUrl\":\"https:\/\/www.letelegraphe.com\/wp\/wp-content\/uploads\/2018\/04\/TITRE_35.jpg\",\"datePublished\":\"2021-01-19T21:56:00+00:00\",\"dateModified\":\"2021-01-26T22:01:58+00:00\",\"breadcrumb\":{\"@id\":\"https:\/\/www.letelegraphe.com\/wp\/2021\/01\/19\/epa-fires-staffer-who-approved-report-downplaying-threats-to-scott-pruitt\/#breadcrumb\"},\"inLanguage\":\"fr-FR\",\"potentialAction\":[{\"@type\":\"ReadAction\",\"target\":[\"https:\/\/www.letelegraphe.com\/wp\/2021\/01\/19\/epa-fires-staffer-who-approved-report-downplaying-threats-to-scott-pruitt\/\"]}]},{\"@type\":\"ImageObject\",\"inLanguage\":\"fr-FR\",\"@id\":\"https:\/\/www.letelegraphe.com\/wp\/2021\/01\/19\/epa-fires-staffer-who-approved-report-downplaying-threats-to-scott-pruitt\/#primaryimage\",\"url\":\"https:\/\/www.letelegraphe.com\/wp\/wp-content\/uploads\/2018\/04\/TITRE_35.jpg\",\"contentUrl\":\"https:\/\/www.letelegraphe.com\/wp\/wp-content\/uploads\/2018\/04\/TITRE_35.jpg\",\"width\":1920,\"height\":1080},{\"@type\":\"BreadcrumbList\",\"@id\":\"https:\/\/www.letelegraphe.com\/wp\/2021\/01\/19\/epa-fires-staffer-who-approved-report-downplaying-threats-to-scott-pruitt\/#breadcrumb\",\"itemListElement\":[{\"@type\":\"ListItem\",\"position\":1,\"name\":\"Accueil\",\"item\":\"https:\/\/www.letelegraphe.com\/wp\/\"},{\"@type\":\"ListItem\",\"position\":2,\"name\":\"la DMK demande un r\u00e8glement prioritaire du contentieux 2020\"}]},{\"@type\":\"WebSite\",\"@id\":\"https:\/\/www.letelegraphe.com\/wp\/#website\",\"url\":\"https:\/\/www.letelegraphe.com\/wp\/\",\"name\":\"Letelegraphe.com\",\"description\":\"Site d&#039;actualit\u00e9s\",\"publisher\":{\"@id\":\"https:\/\/www.letelegraphe.com\/wp\/#organization\"},\"potentialAction\":[{\"@type\":\"SearchAction\",\"target\":{\"@type\":\"EntryPoint\",\"urlTemplate\":\"https:\/\/www.letelegraphe.com\/wp\/?s={search_term_string}\"},\"query-input\":{\"@type\":\"PropertyValueSpecification\",\"valueRequired\":true,\"valueName\":\"search_term_string\"}}],\"inLanguage\":\"fr-FR\"},{\"@type\":\"Organization\",\"@id\":\"https:\/\/www.letelegraphe.com\/wp\/#organization\",\"name\":\"Letelegraphe.com\",\"url\":\"https:\/\/www.letelegraphe.com\/wp\/\",\"logo\":{\"@type\":\"ImageObject\",\"inLanguage\":\"fr-FR\",\"@id\":\"https:\/\/www.letelegraphe.com\/wp\/#\/schema\/logo\/image\/\",\"url\":\"https:\/\/www.letelegraphe.com\/wp\/wp-content\/uploads\/2021\/01\/cropped-logo_an24_tr.png\",\"contentUrl\":\"https:\/\/www.letelegraphe.com\/wp\/wp-content\/uploads\/2021\/01\/cropped-logo_an24_tr.png\",\"width\":400,\"height\":100,\"caption\":\"Letelegraphe.com\"},\"image\":{\"@id\":\"https:\/\/www.letelegraphe.com\/wp\/#\/schema\/logo\/image\/\"}},{\"@type\":\"Person\",\"@id\":\"https:\/\/www.letelegraphe.com\/wp\/#\/schema\/person\/157b034500a34f201fcd0527b9e0ca3e\",\"name\":\"Le T\u00e9l\u00e9graphe\",\"image\":{\"@type\":\"ImageObject\",\"inLanguage\":\"fr-FR\",\"@id\":\"https:\/\/www.letelegraphe.com\/wp\/#\/schema\/person\/image\/\",\"url\":\"https:\/\/secure.gravatar.com\/avatar\/8d896174d74e318013154a042fdbf8d608b0679d610850b1dde354cca267c74f?s=96&d=mm&r=g\",\"contentUrl\":\"https:\/\/secure.gravatar.com\/avatar\/8d896174d74e318013154a042fdbf8d608b0679d610850b1dde354cca267c74f?s=96&d=mm&r=g\",\"caption\":\"Le T\u00e9l\u00e9graphe\"},\"sameAs\":[\"https:\/\/www.letelegraphe.com\",\"https:\/\/www.facebook.com\/afriqueN24\",\"https:\/\/x.com\/afriqueN24\"],\"url\":\"https:\/\/www.letelegraphe.com\/wp\/author\/ltgadmin\/\"}]}<\/script>\n<!-- \/ Yoast SEO plugin. -->","yoast_head_json":{"title":"la DMK demande un r\u00e8glement prioritaire du contentieux 2020 - Letelegraphe.com","robots":{"index":"index","follow":"follow","max-snippet":"max-snippet:-1","max-image-preview":"max-image-preview:large","max-video-preview":"max-video-preview:-1"},"canonical":"https:\/\/www.letelegraphe.com\/wp\/2021\/01\/19\/epa-fires-staffer-who-approved-report-downplaying-threats-to-scott-pruitt\/","og_locale":"fr_FR","og_type":"article","og_title":"la DMK demande un r\u00e8glement prioritaire du contentieux 2020 - Letelegraphe.com","og_description":"Le ministre togolais en charge de l\u2019administration territoriale, Payadowa Boukpessi rencontre ce mardi 19 janvier...","og_url":"https:\/\/www.letelegraphe.com\/wp\/2021\/01\/19\/epa-fires-staffer-who-approved-report-downplaying-threats-to-scott-pruitt\/","og_site_name":"Letelegraphe.com","article_author":"https:\/\/www.facebook.com\/afriqueN24","article_published_time":"2021-01-19T21:56:00+00:00","article_modified_time":"2021-01-26T22:01:58+00:00","og_image":[{"width":1920,"height":1080,"url":"https:\/\/www.letelegraphe.com\/wp\/wp-content\/uploads\/2018\/04\/TITRE_35.jpg","type":"image\/jpeg"}],"author":"Le T\u00e9l\u00e9graphe","twitter_card":"summary_large_image","twitter_creator":"@afriqueN24","twitter_misc":{"\u00c9crit par":"Le T\u00e9l\u00e9graphe","Dur\u00e9e de lecture estim\u00e9e":"2 minutes"},"schema":{"@context":"https:\/\/schema.org","@graph":[{"@type":"Article","@id":"https:\/\/www.letelegraphe.com\/wp\/2021\/01\/19\/epa-fires-staffer-who-approved-report-downplaying-threats-to-scott-pruitt\/#article","isPartOf":{"@id":"https:\/\/www.letelegraphe.com\/wp\/2021\/01\/19\/epa-fires-staffer-who-approved-report-downplaying-threats-to-scott-pruitt\/"},"author":{"name":"Le T\u00e9l\u00e9graphe","@id":"https:\/\/www.letelegraphe.com\/wp\/#\/schema\/person\/157b034500a34f201fcd0527b9e0ca3e"},"headline":"la DMK demande un r\u00e8glement prioritaire du contentieux 2020","datePublished":"2021-01-19T21:56:00+00:00","dateModified":"2021-01-26T22:01:58+00:00","mainEntityOfPage":{"@id":"https:\/\/www.letelegraphe.com\/wp\/2021\/01\/19\/epa-fires-staffer-who-approved-report-downplaying-threats-to-scott-pruitt\/"},"wordCount":402,"commentCount":0,"publisher":{"@id":"https:\/\/www.letelegraphe.com\/wp\/#organization"},"image":{"@id":"https:\/\/www.letelegraphe.com\/wp\/2021\/01\/19\/epa-fires-staffer-who-approved-report-downplaying-threats-to-scott-pruitt\/#primaryimage"},"thumbnailUrl":"https:\/\/www.letelegraphe.com\/wp\/wp-content\/uploads\/2018\/04\/TITRE_35.jpg","articleSection":["POLITIQUE","TOGO"],"inLanguage":"fr-FR","potentialAction":[{"@type":"CommentAction","name":"Comment","target":["https:\/\/www.letelegraphe.com\/wp\/2021\/01\/19\/epa-fires-staffer-who-approved-report-downplaying-threats-to-scott-pruitt\/#respond"]}]},{"@type":"WebPage","@id":"https:\/\/www.letelegraphe.com\/wp\/2021\/01\/19\/epa-fires-staffer-who-approved-report-downplaying-threats-to-scott-pruitt\/","url":"https:\/\/www.letelegraphe.com\/wp\/2021\/01\/19\/epa-fires-staffer-who-approved-report-downplaying-threats-to-scott-pruitt\/","name":"la DMK demande un r\u00e8glement prioritaire du contentieux 2020 - Letelegraphe.com","isPartOf":{"@id":"https:\/\/www.letelegraphe.com\/wp\/#website"},"primaryImageOfPage":{"@id":"https:\/\/www.letelegraphe.com\/wp\/2021\/01\/19\/epa-fires-staffer-who-approved-report-downplaying-threats-to-scott-pruitt\/#primaryimage"},"image":{"@id":"https:\/\/www.letelegraphe.com\/wp\/2021\/01\/19\/epa-fires-staffer-who-approved-report-downplaying-threats-to-scott-pruitt\/#primaryimage"},"thumbnailUrl":"https:\/\/www.letelegraphe.com\/wp\/wp-content\/uploads\/2018\/04\/TITRE_35.jpg","datePublished":"2021-01-19T21:56:00+00:00","dateModified":"2021-01-26T22:01:58+00:00","breadcrumb":{"@id":"https:\/\/www.letelegraphe.com\/wp\/2021\/01\/19\/epa-fires-staffer-who-approved-report-downplaying-threats-to-scott-pruitt\/#breadcrumb"},"inLanguage":"fr-FR","potentialAction":[{"@type":"ReadAction","target":["https:\/\/www.letelegraphe.com\/wp\/2021\/01\/19\/epa-fires-staffer-who-approved-report-downplaying-threats-to-scott-pruitt\/"]}]},{"@type":"ImageObject","inLanguage":"fr-FR","@id":"https:\/\/www.letelegraphe.com\/wp\/2021\/01\/19\/epa-fires-staffer-who-approved-report-downplaying-threats-to-scott-pruitt\/#primaryimage","url":"https:\/\/www.letelegraphe.com\/wp\/wp-content\/uploads\/2018\/04\/TITRE_35.jpg","contentUrl":"https:\/\/www.letelegraphe.com\/wp\/wp-content\/uploads\/2018\/04\/TITRE_35.jpg","width":1920,"height":1080},{"@type":"BreadcrumbList","@id":"https:\/\/www.letelegraphe.com\/wp\/2021\/01\/19\/epa-fires-staffer-who-approved-report-downplaying-threats-to-scott-pruitt\/#breadcrumb","itemListElement":[{"@type":"ListItem","position":1,"name":"Accueil","item":"https:\/\/www.letelegraphe.com\/wp\/"},{"@type":"ListItem","position":2,"name":"la DMK demande un r\u00e8glement prioritaire du contentieux 2020"}]},{"@type":"WebSite","@id":"https:\/\/www.letelegraphe.com\/wp\/#website","url":"https:\/\/www.letelegraphe.com\/wp\/","name":"Letelegraphe.com","description":"Site d&#039;actualit\u00e9s","publisher":{"@id":"https:\/\/www.letelegraphe.com\/wp\/#organization"},"potentialAction":[{"@type":"SearchAction","target":{"@type":"EntryPoint","urlTemplate":"https:\/\/www.letelegraphe.com\/wp\/?s={search_term_string}"},"query-input":{"@type":"PropertyValueSpecification","valueRequired":true,"valueName":"search_term_string"}}],"inLanguage":"fr-FR"},{"@type":"Organization","@id":"https:\/\/www.letelegraphe.com\/wp\/#organization","name":"Letelegraphe.com","url":"https:\/\/www.letelegraphe.com\/wp\/","logo":{"@type":"ImageObject","inLanguage":"fr-FR","@id":"https:\/\/www.letelegraphe.com\/wp\/#\/schema\/logo\/image\/","url":"https:\/\/www.letelegraphe.com\/wp\/wp-content\/uploads\/2021\/01\/cropped-logo_an24_tr.png","contentUrl":"https:\/\/www.letelegraphe.com\/wp\/wp-content\/uploads\/2021\/01\/cropped-logo_an24_tr.png","width":400,"height":100,"caption":"Letelegraphe.com"},"image":{"@id":"https:\/\/www.letelegraphe.com\/wp\/#\/schema\/logo\/image\/"}},{"@type":"Person","@id":"https:\/\/www.letelegraphe.com\/wp\/#\/schema\/person\/157b034500a34f201fcd0527b9e0ca3e","name":"Le T\u00e9l\u00e9graphe","image":{"@type":"ImageObject","inLanguage":"fr-FR","@id":"https:\/\/www.letelegraphe.com\/wp\/#\/schema\/person\/image\/","url":"https:\/\/secure.gravatar.com\/avatar\/8d896174d74e318013154a042fdbf8d608b0679d610850b1dde354cca267c74f?s=96&d=mm&r=g","contentUrl":"https:\/\/secure.gravatar.com\/avatar\/8d896174d74e318013154a042fdbf8d608b0679d610850b1dde354cca267c74f?s=96&d=mm&r=g","caption":"Le T\u00e9l\u00e9graphe"},"sameAs":["https:\/\/www.letelegraphe.com","https:\/\/www.facebook.com\/afriqueN24","https:\/\/x.com\/afriqueN24"],"url":"https:\/\/www.letelegraphe.com\/wp\/author\/ltgadmin\/"}]}},"featured_image_urls":{"full":["https:\/\/www.letelegraphe.com\/wp\/wp-content\/uploads\/2018\/04\/TITRE_35.jpg",1920,1080,false],"thumbnail":["https:\/\/www.letelegraphe.com\/wp\/wp-content\/uploads\/2018\/04\/TITRE_35-150x150.jpg",150,150,true],"medium":["https:\/\/www.letelegraphe.com\/wp\/wp-content\/uploads\/2018\/04\/TITRE_35-300x169.jpg",300,169,true],"medium_large":["https:\/\/www.letelegraphe.com\/wp\/wp-content\/uploads\/2018\/04\/TITRE_35-768x432.jpg",640,360,true],"large":["https:\/\/www.letelegraphe.com\/wp\/wp-content\/uploads\/2018\/04\/TITRE_35-1024x576.jpg",640,360,true],"1536x1536":["https:\/\/www.letelegraphe.com\/wp\/wp-content\/uploads\/2018\/04\/TITRE_35-1536x864.jpg",1536,864,true],"2048x2048":["https:\/\/www.letelegraphe.com\/wp\/wp-content\/uploads\/2018\/04\/TITRE_35.jpg",1920,1080,false],"newsphere-slider-full":["https:\/\/www.letelegraphe.com\/wp\/wp-content\/uploads\/2018\/04\/TITRE_35-1280x720.jpg",1280,720,true],"newsphere-featured":["https:\/\/www.letelegraphe.com\/wp\/wp-content\/uploads\/2018\/04\/TITRE_35-1024x576.jpg",1024,576,true],"newsphere-medium":["https:\/\/www.letelegraphe.com\/wp\/wp-content\/uploads\/2018\/04\/TITRE_35-720x380.jpg",720,380,true]},"author_info":{"display_name":"Le T\u00e9l\u00e9graphe","author_link":"https:\/\/www.letelegraphe.com\/wp\/author\/ltgadmin\/"},"category_info":"<a href=\"https:\/\/www.letelegraphe.com\/wp\/category\/togo\/politique\/\" rel=\"category tag\">POLITIQUE<\/a> <a href=\"https:\/\/www.letelegraphe.com\/wp\/category\/togo\/\" rel=\"category tag\">TOGO<\/a>","tag_info":"TOGO","comment_count":"0","_links":{"self":[{"href":"https:\/\/www.letelegraphe.com\/wp\/wp-json\/wp\/v2\/posts\/76","targetHints":{"allow":["GET"]}}],"collection":[{"href":"https:\/\/www.letelegraphe.com\/wp\/wp-json\/wp\/v2\/posts"}],"about":[{"href":"https:\/\/www.letelegraphe.com\/wp\/wp-json\/wp\/v2\/types\/post"}],"author":[{"embeddable":true,"href":"https:\/\/www.letelegraphe.com\/wp\/wp-json\/wp\/v2\/users\/1"}],"replies":[{"embeddable":true,"href":"https:\/\/www.letelegraphe.com\/wp\/wp-json\/wp\/v2\/comments?post=76"}],"version-history":[{"count":2,"href":"https:\/\/www.letelegraphe.com\/wp\/wp-json\/wp\/v2\/posts\/76\/revisions"}],"predecessor-version":[{"id":480,"href":"https:\/\/www.letelegraphe.com\/wp\/wp-json\/wp\/v2\/posts\/76\/revisions\/480"}],"wp:featuredmedia":[{"embeddable":true,"href":"https:\/\/www.letelegraphe.com\/wp\/wp-json\/wp\/v2\/media\/478"}],"wp:attachment":[{"href":"https:\/\/www.letelegraphe.com\/wp\/wp-json\/wp\/v2\/media?parent=76"}],"wp:term":[{"taxonomy":"category","embeddable":true,"href":"https:\/\/www.letelegraphe.com\/wp\/wp-json\/wp\/v2\/categories?post=76"},{"taxonomy":"post_tag","embeddable":true,"href":"https:\/\/www.letelegraphe.com\/wp\/wp-json\/wp\/v2\/tags?post=76"}],"curies":[{"name":"wp","href":"https:\/\/api.w.org\/{rel}","templated":true}]}}