{"id":804,"date":"2021-02-09T22:40:31","date_gmt":"2021-02-09T21:40:31","guid":{"rendered":"https:\/\/www.letelegraphe.com\/wp\/?p=804"},"modified":"2021-02-09T22:42:34","modified_gmt":"2021-02-09T21:42:34","slug":"sixieme-mandat-du-president-idriss-deby-envie-de-vomir","status":"publish","type":"post","link":"https:\/\/www.letelegraphe.com\/wp\/2021\/02\/09\/sixieme-mandat-du-president-idriss-deby-envie-de-vomir\/","title":{"rendered":"Sixi\u00e8me mandat du pr\u00e9sident Idriss D\u00e9by : Envie de vomir."},"content":{"rendered":"\n<p>Le pr\u00e9sident tchadien Idriss D\u00e9by a \u00e9t\u00e9 investi, ce samedi 6 f\u00e9vrier, candidat pour un sixi\u00e8me mandat apr\u00e8s 30 ans de pouvoir.<\/p>\n\n\n\n<p>La c\u00e9r\u00e9monie de ce samedi a \u00e9t\u00e9 perturb\u00e9e par des manifestations d\u2019activistes et de partis politiques d\u2019opposition qui voulaient marquer leur d\u00e9saccord \u00e0 ce sixi\u00e8me mandat.<\/p>\n\n\n\n<p>D\u00e8s les premi\u00e8res heures de la matin\u00e9e, parall\u00e8lement \u00e0 l\u2019investiture comme candidat d\u2019Idriss D\u00e9by \u00e0 un sixi\u00e8me mandat, plusieurs manifestations \u00e9clataient \u00e0 travers la ville. C\u2019est dans le 1er arrondissement de la capitale que les premiers mouvements ont eu lieu. Une dizaine de manifestants ont march\u00e9 pendant plusieurs minutes sans \u00eatre inqui\u00e9t\u00e9s.<\/p>\n\n\n\n<p>\u00ab On a toutes les raisons pour pouvoir exprimer notre ras-le-bol \u00bb<br>Quelques instants plus tard et de mani\u00e8re sporadique, des groupes, apr\u00e8s avoir envahi rues et br\u00fbl\u00e9 des pneus, scandaient des slogans ici et l\u00e0 avant d\u2019\u00eatre charg\u00e9 par la police. Pour le rappeur Ray\u2019s Kim qui a particip\u00e9 aux marches, c\u2019est le syst\u00e8me en place qu\u2019il faut changer : \u00ab En tant que Tchadien aujourd\u2019hui, on a toutes les raisons pour pouvoir s\u2019indigner, on a toutes les raisons pour pouvoir exprimer notre ras-le-bol. Imaginez un gouvernement qui ne vous respecte pas, un gouvernement qui ne vous consid\u00e8re pas. Alors si un tel gouvernement existe, il faut le mettre de c\u00f4t\u00e9 et en installer un autre \u00bb.<\/p>\n\n\n\n<p>Le d\u00e9fenseur des droits de l\u2019homme Mahamat Nour Ibedou, qui participait \u00e0 la marche au c\u00f4t\u00e9 du pr\u00e9sident du parti d\u2019opposition Les Transformateurs, Succ\u00e8s Masra, a \u00e9t\u00e9 interpell\u00e9 comme de nombreux anonymes. En fin de soir\u00e9e ce samedi, il n\u2019y avait de bilan disponible.<\/p>\n\n\n\n<p><strong><em>G\u00e9rard Arouet<\/em><\/strong><\/p>\n","protected":false},"excerpt":{"rendered":"<p>Le pr\u00e9sident tchadien Idriss D\u00e9by a \u00e9t\u00e9 investi, ce samedi 6 f\u00e9vrier, candidat pour un&#8230;<\/p>\n","protected":false},"author":1,"featured_media":806,"comment_status":"closed","ping_status":"open","sticky":false,"template":"","format":"standard","meta":{"sfsi_plus_gutenberg_text_before_share":"","sfsi_plus_gutenberg_show_text_before_share":"","sfsi_plus_gutenberg_icon_type":"","sfsi_plus_gutenberg_icon_alignemt":"","sfsi_plus_gutenburg_max_per_row":"","footnotes":""},"categories":[34,4],"tags":[],"class_list":["post-804","post","type-post","status-publish","format-standard","has-post-thumbnail","hentry","category-afrique","category-international"],"yoast_head":"<!-- This site is optimized with the Yoast SEO plugin v26.0 - https:\/\/yoast.com\/wordpress\/plugins\/seo\/ -->\n<title>Sixi\u00e8me mandat du pr\u00e9sident Idriss D\u00e9by : Envie de vomir. - Letelegraphe.com<\/title>\n<meta name=\"robots\" content=\"index, follow, max-snippet:-1, max-image-preview:large, max-video-preview:-1\" \/>\n<link rel=\"canonical\" href=\"https:\/\/www.letelegraphe.com\/wp\/2021\/02\/09\/sixieme-mandat-du-president-idriss-deby-envie-de-vomir\/\" \/>\n<meta property=\"og:locale\" content=\"fr_FR\" \/>\n<meta property=\"og:type\" content=\"article\" \/>\n<meta property=\"og:title\" content=\"Sixi\u00e8me mandat du pr\u00e9sident Idriss D\u00e9by : Envie de vomir. - Letelegraphe.com\" \/>\n<meta property=\"og:description\" content=\"Le pr\u00e9sident tchadien Idriss D\u00e9by a \u00e9t\u00e9 investi, ce samedi 6 f\u00e9vrier, candidat pour un...\" \/>\n<meta property=\"og:url\" content=\"https:\/\/www.letelegraphe.com\/wp\/2021\/02\/09\/sixieme-mandat-du-president-idriss-deby-envie-de-vomir\/\" \/>\n<meta property=\"og:site_name\" content=\"Letelegraphe.com\" \/>\n<meta property=\"article:author\" content=\"https:\/\/www.facebook.com\/afriqueN24\" \/>\n<meta property=\"article:published_time\" content=\"2021-02-09T21:40:31+00:00\" \/>\n<meta property=\"article:modified_time\" content=\"2021-02-09T21:42:34+00:00\" \/>\n<meta property=\"og:image\" content=\"https:\/\/www.letelegraphe.com\/wp\/wp-content\/uploads\/2021\/02\/TITRE_64.jpg\" \/>\n\t<meta property=\"og:image:width\" content=\"1920\" \/>\n\t<meta property=\"og:image:height\" content=\"1080\" \/>\n\t<meta property=\"og:image:type\" content=\"image\/jpeg\" \/>\n<meta name=\"author\" content=\"Le T\u00e9l\u00e9graphe\" \/>\n<meta name=\"twitter:card\" content=\"summary_large_image\" \/>\n<meta name=\"twitter:creator\" content=\"@afriqueN24\" \/>\n<meta name=\"twitter:label1\" content=\"\u00c9crit par\" \/>\n\t<meta name=\"twitter:data1\" content=\"Le T\u00e9l\u00e9graphe\" \/>\n\t<meta name=\"twitter:label2\" content=\"Dur\u00e9e de lecture estim\u00e9e\" \/>\n\t<meta name=\"twitter:data2\" content=\"2 minutes\" \/>\n<script type=\"application\/ld+json\" class=\"yoast-schema-graph\">{\"@context\":\"https:\/\/schema.org\",\"@graph\":[{\"@type\":\"Article\",\"@id\":\"https:\/\/www.letelegraphe.com\/wp\/2021\/02\/09\/sixieme-mandat-du-president-idriss-deby-envie-de-vomir\/#article\",\"isPartOf\":{\"@id\":\"https:\/\/www.letelegraphe.com\/wp\/2021\/02\/09\/sixieme-mandat-du-president-idriss-deby-envie-de-vomir\/\"},\"author\":{\"name\":\"Le T\u00e9l\u00e9graphe\",\"@id\":\"https:\/\/www.letelegraphe.com\/wp\/#\/schema\/person\/157b034500a34f201fcd0527b9e0ca3e\"},\"headline\":\"Sixi\u00e8me mandat du pr\u00e9sident Idriss D\u00e9by : Envie de vomir.\",\"datePublished\":\"2021-02-09T21:40:31+00:00\",\"dateModified\":\"2021-02-09T21:42:34+00:00\",\"mainEntityOfPage\":{\"@id\":\"https:\/\/www.letelegraphe.com\/wp\/2021\/02\/09\/sixieme-mandat-du-president-idriss-deby-envie-de-vomir\/\"},\"wordCount\":308,\"publisher\":{\"@id\":\"https:\/\/www.letelegraphe.com\/wp\/#organization\"},\"image\":{\"@id\":\"https:\/\/www.letelegraphe.com\/wp\/2021\/02\/09\/sixieme-mandat-du-president-idriss-deby-envie-de-vomir\/#primaryimage\"},\"thumbnailUrl\":\"https:\/\/www.letelegraphe.com\/wp\/wp-content\/uploads\/2021\/02\/TITRE_64.jpg\",\"articleSection\":[\"AFRIQUE\",\"INTERNATIONAL\"],\"inLanguage\":\"fr-FR\"},{\"@type\":\"WebPage\",\"@id\":\"https:\/\/www.letelegraphe.com\/wp\/2021\/02\/09\/sixieme-mandat-du-president-idriss-deby-envie-de-vomir\/\",\"url\":\"https:\/\/www.letelegraphe.com\/wp\/2021\/02\/09\/sixieme-mandat-du-president-idriss-deby-envie-de-vomir\/\",\"name\":\"Sixi\u00e8me mandat du pr\u00e9sident Idriss D\u00e9by : Envie de vomir. - Letelegraphe.com\",\"isPartOf\":{\"@id\":\"https:\/\/www.letelegraphe.com\/wp\/#website\"},\"primaryImageOfPage\":{\"@id\":\"https:\/\/www.letelegraphe.com\/wp\/2021\/02\/09\/sixieme-mandat-du-president-idriss-deby-envie-de-vomir\/#primaryimage\"},\"image\":{\"@id\":\"https:\/\/www.letelegraphe.com\/wp\/2021\/02\/09\/sixieme-mandat-du-president-idriss-deby-envie-de-vomir\/#primaryimage\"},\"thumbnailUrl\":\"https:\/\/www.letelegraphe.com\/wp\/wp-content\/uploads\/2021\/02\/TITRE_64.jpg\",\"datePublished\":\"2021-02-09T21:40:31+00:00\",\"dateModified\":\"2021-02-09T21:42:34+00:00\",\"breadcrumb\":{\"@id\":\"https:\/\/www.letelegraphe.com\/wp\/2021\/02\/09\/sixieme-mandat-du-president-idriss-deby-envie-de-vomir\/#breadcrumb\"},\"inLanguage\":\"fr-FR\",\"potentialAction\":[{\"@type\":\"ReadAction\",\"target\":[\"https:\/\/www.letelegraphe.com\/wp\/2021\/02\/09\/sixieme-mandat-du-president-idriss-deby-envie-de-vomir\/\"]}]},{\"@type\":\"ImageObject\",\"inLanguage\":\"fr-FR\",\"@id\":\"https:\/\/www.letelegraphe.com\/wp\/2021\/02\/09\/sixieme-mandat-du-president-idriss-deby-envie-de-vomir\/#primaryimage\",\"url\":\"https:\/\/www.letelegraphe.com\/wp\/wp-content\/uploads\/2021\/02\/TITRE_64.jpg\",\"contentUrl\":\"https:\/\/www.letelegraphe.com\/wp\/wp-content\/uploads\/2021\/02\/TITRE_64.jpg\",\"width\":1920,\"height\":1080},{\"@type\":\"BreadcrumbList\",\"@id\":\"https:\/\/www.letelegraphe.com\/wp\/2021\/02\/09\/sixieme-mandat-du-president-idriss-deby-envie-de-vomir\/#breadcrumb\",\"itemListElement\":[{\"@type\":\"ListItem\",\"position\":1,\"name\":\"Accueil\",\"item\":\"https:\/\/www.letelegraphe.com\/wp\/\"},{\"@type\":\"ListItem\",\"position\":2,\"name\":\"Sixi\u00e8me mandat du pr\u00e9sident Idriss D\u00e9by : Envie de vomir.\"}]},{\"@type\":\"WebSite\",\"@id\":\"https:\/\/www.letelegraphe.com\/wp\/#website\",\"url\":\"https:\/\/www.letelegraphe.com\/wp\/\",\"name\":\"Letelegraphe.com\",\"description\":\"Site d&#039;actualit\u00e9s\",\"publisher\":{\"@id\":\"https:\/\/www.letelegraphe.com\/wp\/#organization\"},\"potentialAction\":[{\"@type\":\"SearchAction\",\"target\":{\"@type\":\"EntryPoint\",\"urlTemplate\":\"https:\/\/www.letelegraphe.com\/wp\/?s={search_term_string}\"},\"query-input\":{\"@type\":\"PropertyValueSpecification\",\"valueRequired\":true,\"valueName\":\"search_term_string\"}}],\"inLanguage\":\"fr-FR\"},{\"@type\":\"Organization\",\"@id\":\"https:\/\/www.letelegraphe.com\/wp\/#organization\",\"name\":\"Letelegraphe.com\",\"url\":\"https:\/\/www.letelegraphe.com\/wp\/\",\"logo\":{\"@type\":\"ImageObject\",\"inLanguage\":\"fr-FR\",\"@id\":\"https:\/\/www.letelegraphe.com\/wp\/#\/schema\/logo\/image\/\",\"url\":\"https:\/\/www.letelegraphe.com\/wp\/wp-content\/uploads\/2021\/01\/cropped-logo_an24_tr.png\",\"contentUrl\":\"https:\/\/www.letelegraphe.com\/wp\/wp-content\/uploads\/2021\/01\/cropped-logo_an24_tr.png\",\"width\":400,\"height\":100,\"caption\":\"Letelegraphe.com\"},\"image\":{\"@id\":\"https:\/\/www.letelegraphe.com\/wp\/#\/schema\/logo\/image\/\"}},{\"@type\":\"Person\",\"@id\":\"https:\/\/www.letelegraphe.com\/wp\/#\/schema\/person\/157b034500a34f201fcd0527b9e0ca3e\",\"name\":\"Le T\u00e9l\u00e9graphe\",\"image\":{\"@type\":\"ImageObject\",\"inLanguage\":\"fr-FR\",\"@id\":\"https:\/\/www.letelegraphe.com\/wp\/#\/schema\/person\/image\/\",\"url\":\"https:\/\/secure.gravatar.com\/avatar\/8d896174d74e318013154a042fdbf8d608b0679d610850b1dde354cca267c74f?s=96&d=mm&r=g\",\"contentUrl\":\"https:\/\/secure.gravatar.com\/avatar\/8d896174d74e318013154a042fdbf8d608b0679d610850b1dde354cca267c74f?s=96&d=mm&r=g\",\"caption\":\"Le T\u00e9l\u00e9graphe\"},\"sameAs\":[\"https:\/\/www.letelegraphe.com\",\"https:\/\/www.facebook.com\/afriqueN24\",\"https:\/\/x.com\/afriqueN24\"],\"url\":\"https:\/\/www.letelegraphe.com\/wp\/author\/ltgadmin\/\"}]}<\/script>\n<!-- \/ Yoast SEO plugin. -->","yoast_head_json":{"title":"Sixi\u00e8me mandat du pr\u00e9sident Idriss D\u00e9by : Envie de vomir. - Letelegraphe.com","robots":{"index":"index","follow":"follow","max-snippet":"max-snippet:-1","max-image-preview":"max-image-preview:large","max-video-preview":"max-video-preview:-1"},"canonical":"https:\/\/www.letelegraphe.com\/wp\/2021\/02\/09\/sixieme-mandat-du-president-idriss-deby-envie-de-vomir\/","og_locale":"fr_FR","og_type":"article","og_title":"Sixi\u00e8me mandat du pr\u00e9sident Idriss D\u00e9by : Envie de vomir. - Letelegraphe.com","og_description":"Le pr\u00e9sident tchadien Idriss D\u00e9by a \u00e9t\u00e9 investi, ce samedi 6 f\u00e9vrier, candidat pour un...","og_url":"https:\/\/www.letelegraphe.com\/wp\/2021\/02\/09\/sixieme-mandat-du-president-idriss-deby-envie-de-vomir\/","og_site_name":"Letelegraphe.com","article_author":"https:\/\/www.facebook.com\/afriqueN24","article_published_time":"2021-02-09T21:40:31+00:00","article_modified_time":"2021-02-09T21:42:34+00:00","og_image":[{"width":1920,"height":1080,"url":"https:\/\/www.letelegraphe.com\/wp\/wp-content\/uploads\/2021\/02\/TITRE_64.jpg","type":"image\/jpeg"}],"author":"Le T\u00e9l\u00e9graphe","twitter_card":"summary_large_image","twitter_creator":"@afriqueN24","twitter_misc":{"\u00c9crit par":"Le T\u00e9l\u00e9graphe","Dur\u00e9e de lecture estim\u00e9e":"2 minutes"},"schema":{"@context":"https:\/\/schema.org","@graph":[{"@type":"Article","@id":"https:\/\/www.letelegraphe.com\/wp\/2021\/02\/09\/sixieme-mandat-du-president-idriss-deby-envie-de-vomir\/#article","isPartOf":{"@id":"https:\/\/www.letelegraphe.com\/wp\/2021\/02\/09\/sixieme-mandat-du-president-idriss-deby-envie-de-vomir\/"},"author":{"name":"Le T\u00e9l\u00e9graphe","@id":"https:\/\/www.letelegraphe.com\/wp\/#\/schema\/person\/157b034500a34f201fcd0527b9e0ca3e"},"headline":"Sixi\u00e8me mandat du pr\u00e9sident Idriss D\u00e9by : Envie de vomir.","datePublished":"2021-02-09T21:40:31+00:00","dateModified":"2021-02-09T21:42:34+00:00","mainEntityOfPage":{"@id":"https:\/\/www.letelegraphe.com\/wp\/2021\/02\/09\/sixieme-mandat-du-president-idriss-deby-envie-de-vomir\/"},"wordCount":308,"publisher":{"@id":"https:\/\/www.letelegraphe.com\/wp\/#organization"},"image":{"@id":"https:\/\/www.letelegraphe.com\/wp\/2021\/02\/09\/sixieme-mandat-du-president-idriss-deby-envie-de-vomir\/#primaryimage"},"thumbnailUrl":"https:\/\/www.letelegraphe.com\/wp\/wp-content\/uploads\/2021\/02\/TITRE_64.jpg","articleSection":["AFRIQUE","INTERNATIONAL"],"inLanguage":"fr-FR"},{"@type":"WebPage","@id":"https:\/\/www.letelegraphe.com\/wp\/2021\/02\/09\/sixieme-mandat-du-president-idriss-deby-envie-de-vomir\/","url":"https:\/\/www.letelegraphe.com\/wp\/2021\/02\/09\/sixieme-mandat-du-president-idriss-deby-envie-de-vomir\/","name":"Sixi\u00e8me mandat du pr\u00e9sident Idriss D\u00e9by : Envie de vomir. - Letelegraphe.com","isPartOf":{"@id":"https:\/\/www.letelegraphe.com\/wp\/#website"},"primaryImageOfPage":{"@id":"https:\/\/www.letelegraphe.com\/wp\/2021\/02\/09\/sixieme-mandat-du-president-idriss-deby-envie-de-vomir\/#primaryimage"},"image":{"@id":"https:\/\/www.letelegraphe.com\/wp\/2021\/02\/09\/sixieme-mandat-du-president-idriss-deby-envie-de-vomir\/#primaryimage"},"thumbnailUrl":"https:\/\/www.letelegraphe.com\/wp\/wp-content\/uploads\/2021\/02\/TITRE_64.jpg","datePublished":"2021-02-09T21:40:31+00:00","dateModified":"2021-02-09T21:42:34+00:00","breadcrumb":{"@id":"https:\/\/www.letelegraphe.com\/wp\/2021\/02\/09\/sixieme-mandat-du-president-idriss-deby-envie-de-vomir\/#breadcrumb"},"inLanguage":"fr-FR","potentialAction":[{"@type":"ReadAction","target":["https:\/\/www.letelegraphe.com\/wp\/2021\/02\/09\/sixieme-mandat-du-president-idriss-deby-envie-de-vomir\/"]}]},{"@type":"ImageObject","inLanguage":"fr-FR","@id":"https:\/\/www.letelegraphe.com\/wp\/2021\/02\/09\/sixieme-mandat-du-president-idriss-deby-envie-de-vomir\/#primaryimage","url":"https:\/\/www.letelegraphe.com\/wp\/wp-content\/uploads\/2021\/02\/TITRE_64.jpg","contentUrl":"https:\/\/www.letelegraphe.com\/wp\/wp-content\/uploads\/2021\/02\/TITRE_64.jpg","width":1920,"height":1080},{"@type":"BreadcrumbList","@id":"https:\/\/www.letelegraphe.com\/wp\/2021\/02\/09\/sixieme-mandat-du-president-idriss-deby-envie-de-vomir\/#breadcrumb","itemListElement":[{"@type":"ListItem","position":1,"name":"Accueil","item":"https:\/\/www.letelegraphe.com\/wp\/"},{"@type":"ListItem","position":2,"name":"Sixi\u00e8me mandat du pr\u00e9sident Idriss D\u00e9by : Envie de vomir."}]},{"@type":"WebSite","@id":"https:\/\/www.letelegraphe.com\/wp\/#website","url":"https:\/\/www.letelegraphe.com\/wp\/","name":"Letelegraphe.com","description":"Site d&#039;actualit\u00e9s","publisher":{"@id":"https:\/\/www.letelegraphe.com\/wp\/#organization"},"potentialAction":[{"@type":"SearchAction","target":{"@type":"EntryPoint","urlTemplate":"https:\/\/www.letelegraphe.com\/wp\/?s={search_term_string}"},"query-input":{"@type":"PropertyValueSpecification","valueRequired":true,"valueName":"search_term_string"}}],"inLanguage":"fr-FR"},{"@type":"Organization","@id":"https:\/\/www.letelegraphe.com\/wp\/#organization","name":"Letelegraphe.com","url":"https:\/\/www.letelegraphe.com\/wp\/","logo":{"@type":"ImageObject","inLanguage":"fr-FR","@id":"https:\/\/www.letelegraphe.com\/wp\/#\/schema\/logo\/image\/","url":"https:\/\/www.letelegraphe.com\/wp\/wp-content\/uploads\/2021\/01\/cropped-logo_an24_tr.png","contentUrl":"https:\/\/www.letelegraphe.com\/wp\/wp-content\/uploads\/2021\/01\/cropped-logo_an24_tr.png","width":400,"height":100,"caption":"Letelegraphe.com"},"image":{"@id":"https:\/\/www.letelegraphe.com\/wp\/#\/schema\/logo\/image\/"}},{"@type":"Person","@id":"https:\/\/www.letelegraphe.com\/wp\/#\/schema\/person\/157b034500a34f201fcd0527b9e0ca3e","name":"Le T\u00e9l\u00e9graphe","image":{"@type":"ImageObject","inLanguage":"fr-FR","@id":"https:\/\/www.letelegraphe.com\/wp\/#\/schema\/person\/image\/","url":"https:\/\/secure.gravatar.com\/avatar\/8d896174d74e318013154a042fdbf8d608b0679d610850b1dde354cca267c74f?s=96&d=mm&r=g","contentUrl":"https:\/\/secure.gravatar.com\/avatar\/8d896174d74e318013154a042fdbf8d608b0679d610850b1dde354cca267c74f?s=96&d=mm&r=g","caption":"Le T\u00e9l\u00e9graphe"},"sameAs":["https:\/\/www.letelegraphe.com","https:\/\/www.facebook.com\/afriqueN24","https:\/\/x.com\/afriqueN24"],"url":"https:\/\/www.letelegraphe.com\/wp\/author\/ltgadmin\/"}]}},"featured_image_urls":{"full":["https:\/\/www.letelegraphe.com\/wp\/wp-content\/uploads\/2021\/02\/TITRE_64.jpg",1920,1080,false],"thumbnail":["https:\/\/www.letelegraphe.com\/wp\/wp-content\/uploads\/2021\/02\/TITRE_64-150x150.jpg",150,150,true],"medium":["https:\/\/www.letelegraphe.com\/wp\/wp-content\/uploads\/2021\/02\/TITRE_64-300x169.jpg",300,169,true],"medium_large":["https:\/\/www.letelegraphe.com\/wp\/wp-content\/uploads\/2021\/02\/TITRE_64-768x432.jpg",640,360,true],"large":["https:\/\/www.letelegraphe.com\/wp\/wp-content\/uploads\/2021\/02\/TITRE_64-1024x576.jpg",640,360,true],"1536x1536":["https:\/\/www.letelegraphe.com\/wp\/wp-content\/uploads\/2021\/02\/TITRE_64-1536x864.jpg",1536,864,true],"2048x2048":["https:\/\/www.letelegraphe.com\/wp\/wp-content\/uploads\/2021\/02\/TITRE_64.jpg",1920,1080,false],"newsphere-slider-full":["https:\/\/www.letelegraphe.com\/wp\/wp-content\/uploads\/2021\/02\/TITRE_64-1280x720.jpg",1280,720,true],"newsphere-featured":["https:\/\/www.letelegraphe.com\/wp\/wp-content\/uploads\/2021\/02\/TITRE_64-1024x576.jpg",1024,576,true],"newsphere-medium":["https:\/\/www.letelegraphe.com\/wp\/wp-content\/uploads\/2021\/02\/TITRE_64-720x380.jpg",720,380,true]},"author_info":{"display_name":"Le T\u00e9l\u00e9graphe","author_link":"https:\/\/www.letelegraphe.com\/wp\/author\/ltgadmin\/"},"category_info":"<a href=\"https:\/\/www.letelegraphe.com\/wp\/category\/international\/afrique\/\" rel=\"category tag\">AFRIQUE<\/a> <a href=\"https:\/\/www.letelegraphe.com\/wp\/category\/international\/\" rel=\"category tag\">INTERNATIONAL<\/a>","tag_info":"INTERNATIONAL","comment_count":"0","_links":{"self":[{"href":"https:\/\/www.letelegraphe.com\/wp\/wp-json\/wp\/v2\/posts\/804","targetHints":{"allow":["GET"]}}],"collection":[{"href":"https:\/\/www.letelegraphe.com\/wp\/wp-json\/wp\/v2\/posts"}],"about":[{"href":"https:\/\/www.letelegraphe.com\/wp\/wp-json\/wp\/v2\/types\/post"}],"author":[{"embeddable":true,"href":"https:\/\/www.letelegraphe.com\/wp\/wp-json\/wp\/v2\/users\/1"}],"replies":[{"embeddable":true,"href":"https:\/\/www.letelegraphe.com\/wp\/wp-json\/wp\/v2\/comments?post=804"}],"version-history":[{"count":1,"href":"https:\/\/www.letelegraphe.com\/wp\/wp-json\/wp\/v2\/posts\/804\/revisions"}],"predecessor-version":[{"id":807,"href":"https:\/\/www.letelegraphe.com\/wp\/wp-json\/wp\/v2\/posts\/804\/revisions\/807"}],"wp:featuredmedia":[{"embeddable":true,"href":"https:\/\/www.letelegraphe.com\/wp\/wp-json\/wp\/v2\/media\/806"}],"wp:attachment":[{"href":"https:\/\/www.letelegraphe.com\/wp\/wp-json\/wp\/v2\/media?parent=804"}],"wp:term":[{"taxonomy":"category","embeddable":true,"href":"https:\/\/www.letelegraphe.com\/wp\/wp-json\/wp\/v2\/categories?post=804"},{"taxonomy":"post_tag","embeddable":true,"href":"https:\/\/www.letelegraphe.com\/wp\/wp-json\/wp\/v2\/tags?post=804"}],"curies":[{"name":"wp","href":"https:\/\/api.w.org\/{rel}","templated":true}]}}