{"id":829,"date":"2021-02-11T16:17:17","date_gmt":"2021-02-11T15:17:17","guid":{"rendered":"https:\/\/www.letelegraphe.com\/wp\/?p=829"},"modified":"2021-02-11T16:22:38","modified_gmt":"2021-02-11T15:22:38","slug":"interpol-invalide-le-mandat-darret-international","status":"publish","type":"post","link":"https:\/\/www.letelegraphe.com\/wp\/2021\/02\/11\/interpol-invalide-le-mandat-darret-international\/","title":{"rendered":"INTERPOL INVALIDE  LE MANDAT D\u2019ARR\u00caT  INTERNATIONAL"},"content":{"rendered":"\n<p><strong>SE Dr Agb\u00e9yom\u00e9 Kodjo n\u2019est pas sous le coup d\u2019un mandat d\u2019arr\u00eat international a affirm\u00e9 Jeune Afrique.<\/strong><\/p>\n\n\n\n<p>Le journal Jeune Afrique vient aussi confirmer notre article dans sa derni\u00e8re parution faisant mention d&rsquo;une inexistante pure et simple d&rsquo;un mandat qui serait lanc\u00e9 par le gouvernement togolais contre le pr\u00e9sident d\u00e9mocratiquement \u00e9lu par la majorit\u00e9 des Togolais le 22.02.2020.<\/p>\n\n\n\n<p>En effet, poursuivi pour \u00ab&nbsp;<strong>troubles aggrav\u00e9s \u00e0 l\u2019ordre public<\/strong>&nbsp;\u00bb et \u00ab&nbsp;<strong>atteinte \u00e0 la s\u00e9curit\u00e9 int\u00e9rieure de l\u2019\u00c9tat<\/strong>&nbsp;\u00bb, le vrai vainqueur de l\u2019\u00e9lection pr\u00e9sidentielle du 22 f\u00e9vrier 2020, Son Excellence Dr Agb\u00e9yom\u00e9 Kodjo vit dans un endroit tenu secret depuis juillet 2020. Craignant pour sa vie, le pr\u00e9sident d\u00e9mocratiquement \u00e9lu avait refus\u00e9 de se pr\u00e9senter \u00e0 une convocation du procureur le 10 juillet 2020. Pour rappel, le vrai vainqueur de l\u2019\u00e9lection pr\u00e9sidentielle du 22 f\u00e9vrier 2020 est plac\u00e9 sous contr\u00f4le judiciaire, avec des conditions suite \u00e0 son arrestation le 21 avril 2020 et sa lib\u00e9ration subs\u00e9quente.<\/p>\n\n\n\n<p>Ce refus est interpr\u00e9t\u00e9 par le pouvoir sortant comme un affront. Le procureur de la R\u00e9publique du Togo,\u00a0<strong>Essolissam Poyodi<\/strong>, dans une d\u00e9claration datant du 16 juillet affirme qu\u2019 \u00abun mandat d\u2019arr\u00eat international est lanc\u00e9 \u00e0 l\u2019encontre de SE Dr Gabriel Agb\u00e9yom\u00e9 Kodjo \u00bb.<br><br>Selon les documents d\u2019Interpol que le journal a pu consulter, aucun mandat d\u2019arr\u00eat international n\u2019a \u00e9t\u00e9 \u00e9mis et n\u2019existe nulle part.<br><br>Lire aussi : <br><strong><a href=\"https:\/\/www.letelegraphe.com\/wp\/2021\/02\/11\/la-dictature-togolaise-aurait-elle-peur-de-la-verite-des-urnes\/\">La dictature togolaise aurait-elle peur de la v\u00e9rit\u00e9 des urnes ?<\/a><\/strong><\/p>\n\n\n\n<p><\/p>\n","protected":false},"excerpt":{"rendered":"<p>SE Dr Agb\u00e9yom\u00e9 Kodjo n\u2019est pas sous le coup d\u2019un mandat d\u2019arr\u00eat international a affirm\u00e9&#8230;<\/p>\n","protected":false},"author":1,"featured_media":833,"comment_status":"closed","ping_status":"open","sticky":false,"template":"","format":"standard","meta":{"sfsi_plus_gutenberg_text_before_share":"","sfsi_plus_gutenberg_show_text_before_share":"","sfsi_plus_gutenberg_icon_type":"","sfsi_plus_gutenberg_icon_alignemt":"","sfsi_plus_gutenburg_max_per_row":"","footnotes":""},"categories":[33,7,5],"tags":[],"class_list":["post-829","post","type-post","status-publish","format-standard","has-post-thumbnail","hentry","category-a-la-une","category-politique","category-togo"],"yoast_head":"<!-- This site is optimized with the Yoast SEO plugin v26.0 - https:\/\/yoast.com\/wordpress\/plugins\/seo\/ -->\n<title>INTERPOL INVALIDE LE MANDAT D\u2019ARR\u00caT INTERNATIONAL - Letelegraphe.com<\/title>\n<meta name=\"robots\" content=\"index, follow, max-snippet:-1, max-image-preview:large, max-video-preview:-1\" \/>\n<link rel=\"canonical\" href=\"https:\/\/www.letelegraphe.com\/wp\/2021\/02\/11\/interpol-invalide-le-mandat-darret-international\/\" \/>\n<meta property=\"og:locale\" content=\"fr_FR\" \/>\n<meta property=\"og:type\" content=\"article\" \/>\n<meta property=\"og:title\" content=\"INTERPOL INVALIDE LE MANDAT D\u2019ARR\u00caT INTERNATIONAL - Letelegraphe.com\" \/>\n<meta property=\"og:description\" content=\"SE Dr Agb\u00e9yom\u00e9 Kodjo n\u2019est pas sous le coup d\u2019un mandat d\u2019arr\u00eat international a affirm\u00e9...\" \/>\n<meta property=\"og:url\" content=\"https:\/\/www.letelegraphe.com\/wp\/2021\/02\/11\/interpol-invalide-le-mandat-darret-international\/\" \/>\n<meta property=\"og:site_name\" content=\"Letelegraphe.com\" \/>\n<meta property=\"article:author\" content=\"https:\/\/www.facebook.com\/afriqueN24\" \/>\n<meta property=\"article:published_time\" content=\"2021-02-11T15:17:17+00:00\" \/>\n<meta property=\"article:modified_time\" content=\"2021-02-11T15:22:38+00:00\" \/>\n<meta property=\"og:image\" content=\"https:\/\/www.letelegraphe.com\/wp\/wp-content\/uploads\/2021\/02\/TITRE_66.jpg\" \/>\n\t<meta property=\"og:image:width\" content=\"1920\" \/>\n\t<meta property=\"og:image:height\" content=\"1080\" \/>\n\t<meta property=\"og:image:type\" content=\"image\/jpeg\" \/>\n<meta name=\"author\" content=\"Le T\u00e9l\u00e9graphe\" \/>\n<meta name=\"twitter:card\" content=\"summary_large_image\" \/>\n<meta name=\"twitter:creator\" content=\"@afriqueN24\" \/>\n<meta name=\"twitter:label1\" content=\"\u00c9crit par\" \/>\n\t<meta name=\"twitter:data1\" content=\"Le T\u00e9l\u00e9graphe\" \/>\n\t<meta name=\"twitter:label2\" content=\"Dur\u00e9e de lecture estim\u00e9e\" \/>\n\t<meta name=\"twitter:data2\" content=\"2 minutes\" \/>\n<script type=\"application\/ld+json\" class=\"yoast-schema-graph\">{\"@context\":\"https:\/\/schema.org\",\"@graph\":[{\"@type\":\"Article\",\"@id\":\"https:\/\/www.letelegraphe.com\/wp\/2021\/02\/11\/interpol-invalide-le-mandat-darret-international\/#article\",\"isPartOf\":{\"@id\":\"https:\/\/www.letelegraphe.com\/wp\/2021\/02\/11\/interpol-invalide-le-mandat-darret-international\/\"},\"author\":{\"name\":\"Le T\u00e9l\u00e9graphe\",\"@id\":\"https:\/\/www.letelegraphe.com\/wp\/#\/schema\/person\/157b034500a34f201fcd0527b9e0ca3e\"},\"headline\":\"INTERPOL INVALIDE LE MANDAT D\u2019ARR\u00caT INTERNATIONAL\",\"datePublished\":\"2021-02-11T15:17:17+00:00\",\"dateModified\":\"2021-02-11T15:22:38+00:00\",\"mainEntityOfPage\":{\"@id\":\"https:\/\/www.letelegraphe.com\/wp\/2021\/02\/11\/interpol-invalide-le-mandat-darret-international\/\"},\"wordCount\":266,\"publisher\":{\"@id\":\"https:\/\/www.letelegraphe.com\/wp\/#organization\"},\"image\":{\"@id\":\"https:\/\/www.letelegraphe.com\/wp\/2021\/02\/11\/interpol-invalide-le-mandat-darret-international\/#primaryimage\"},\"thumbnailUrl\":\"https:\/\/www.letelegraphe.com\/wp\/wp-content\/uploads\/2021\/02\/TITRE_66.jpg\",\"articleSection\":[\"A LA UNE\",\"POLITIQUE\",\"TOGO\"],\"inLanguage\":\"fr-FR\"},{\"@type\":\"WebPage\",\"@id\":\"https:\/\/www.letelegraphe.com\/wp\/2021\/02\/11\/interpol-invalide-le-mandat-darret-international\/\",\"url\":\"https:\/\/www.letelegraphe.com\/wp\/2021\/02\/11\/interpol-invalide-le-mandat-darret-international\/\",\"name\":\"INTERPOL INVALIDE LE MANDAT D\u2019ARR\u00caT INTERNATIONAL - Letelegraphe.com\",\"isPartOf\":{\"@id\":\"https:\/\/www.letelegraphe.com\/wp\/#website\"},\"primaryImageOfPage\":{\"@id\":\"https:\/\/www.letelegraphe.com\/wp\/2021\/02\/11\/interpol-invalide-le-mandat-darret-international\/#primaryimage\"},\"image\":{\"@id\":\"https:\/\/www.letelegraphe.com\/wp\/2021\/02\/11\/interpol-invalide-le-mandat-darret-international\/#primaryimage\"},\"thumbnailUrl\":\"https:\/\/www.letelegraphe.com\/wp\/wp-content\/uploads\/2021\/02\/TITRE_66.jpg\",\"datePublished\":\"2021-02-11T15:17:17+00:00\",\"dateModified\":\"2021-02-11T15:22:38+00:00\",\"breadcrumb\":{\"@id\":\"https:\/\/www.letelegraphe.com\/wp\/2021\/02\/11\/interpol-invalide-le-mandat-darret-international\/#breadcrumb\"},\"inLanguage\":\"fr-FR\",\"potentialAction\":[{\"@type\":\"ReadAction\",\"target\":[\"https:\/\/www.letelegraphe.com\/wp\/2021\/02\/11\/interpol-invalide-le-mandat-darret-international\/\"]}]},{\"@type\":\"ImageObject\",\"inLanguage\":\"fr-FR\",\"@id\":\"https:\/\/www.letelegraphe.com\/wp\/2021\/02\/11\/interpol-invalide-le-mandat-darret-international\/#primaryimage\",\"url\":\"https:\/\/www.letelegraphe.com\/wp\/wp-content\/uploads\/2021\/02\/TITRE_66.jpg\",\"contentUrl\":\"https:\/\/www.letelegraphe.com\/wp\/wp-content\/uploads\/2021\/02\/TITRE_66.jpg\",\"width\":1920,\"height\":1080},{\"@type\":\"BreadcrumbList\",\"@id\":\"https:\/\/www.letelegraphe.com\/wp\/2021\/02\/11\/interpol-invalide-le-mandat-darret-international\/#breadcrumb\",\"itemListElement\":[{\"@type\":\"ListItem\",\"position\":1,\"name\":\"Accueil\",\"item\":\"https:\/\/www.letelegraphe.com\/wp\/\"},{\"@type\":\"ListItem\",\"position\":2,\"name\":\"INTERPOL INVALIDE LE MANDAT D\u2019ARR\u00caT INTERNATIONAL\"}]},{\"@type\":\"WebSite\",\"@id\":\"https:\/\/www.letelegraphe.com\/wp\/#website\",\"url\":\"https:\/\/www.letelegraphe.com\/wp\/\",\"name\":\"Letelegraphe.com\",\"description\":\"Site d&#039;actualit\u00e9s\",\"publisher\":{\"@id\":\"https:\/\/www.letelegraphe.com\/wp\/#organization\"},\"potentialAction\":[{\"@type\":\"SearchAction\",\"target\":{\"@type\":\"EntryPoint\",\"urlTemplate\":\"https:\/\/www.letelegraphe.com\/wp\/?s={search_term_string}\"},\"query-input\":{\"@type\":\"PropertyValueSpecification\",\"valueRequired\":true,\"valueName\":\"search_term_string\"}}],\"inLanguage\":\"fr-FR\"},{\"@type\":\"Organization\",\"@id\":\"https:\/\/www.letelegraphe.com\/wp\/#organization\",\"name\":\"Letelegraphe.com\",\"url\":\"https:\/\/www.letelegraphe.com\/wp\/\",\"logo\":{\"@type\":\"ImageObject\",\"inLanguage\":\"fr-FR\",\"@id\":\"https:\/\/www.letelegraphe.com\/wp\/#\/schema\/logo\/image\/\",\"url\":\"https:\/\/www.letelegraphe.com\/wp\/wp-content\/uploads\/2021\/01\/cropped-logo_an24_tr.png\",\"contentUrl\":\"https:\/\/www.letelegraphe.com\/wp\/wp-content\/uploads\/2021\/01\/cropped-logo_an24_tr.png\",\"width\":400,\"height\":100,\"caption\":\"Letelegraphe.com\"},\"image\":{\"@id\":\"https:\/\/www.letelegraphe.com\/wp\/#\/schema\/logo\/image\/\"}},{\"@type\":\"Person\",\"@id\":\"https:\/\/www.letelegraphe.com\/wp\/#\/schema\/person\/157b034500a34f201fcd0527b9e0ca3e\",\"name\":\"Le T\u00e9l\u00e9graphe\",\"image\":{\"@type\":\"ImageObject\",\"inLanguage\":\"fr-FR\",\"@id\":\"https:\/\/www.letelegraphe.com\/wp\/#\/schema\/person\/image\/\",\"url\":\"https:\/\/secure.gravatar.com\/avatar\/8d896174d74e318013154a042fdbf8d608b0679d610850b1dde354cca267c74f?s=96&d=mm&r=g\",\"contentUrl\":\"https:\/\/secure.gravatar.com\/avatar\/8d896174d74e318013154a042fdbf8d608b0679d610850b1dde354cca267c74f?s=96&d=mm&r=g\",\"caption\":\"Le T\u00e9l\u00e9graphe\"},\"sameAs\":[\"https:\/\/www.letelegraphe.com\",\"https:\/\/www.facebook.com\/afriqueN24\",\"https:\/\/x.com\/afriqueN24\"],\"url\":\"https:\/\/www.letelegraphe.com\/wp\/author\/ltgadmin\/\"}]}<\/script>\n<!-- \/ Yoast SEO plugin. -->","yoast_head_json":{"title":"INTERPOL INVALIDE LE MANDAT D\u2019ARR\u00caT INTERNATIONAL - Letelegraphe.com","robots":{"index":"index","follow":"follow","max-snippet":"max-snippet:-1","max-image-preview":"max-image-preview:large","max-video-preview":"max-video-preview:-1"},"canonical":"https:\/\/www.letelegraphe.com\/wp\/2021\/02\/11\/interpol-invalide-le-mandat-darret-international\/","og_locale":"fr_FR","og_type":"article","og_title":"INTERPOL INVALIDE LE MANDAT D\u2019ARR\u00caT INTERNATIONAL - Letelegraphe.com","og_description":"SE Dr Agb\u00e9yom\u00e9 Kodjo n\u2019est pas sous le coup d\u2019un mandat d\u2019arr\u00eat international a affirm\u00e9...","og_url":"https:\/\/www.letelegraphe.com\/wp\/2021\/02\/11\/interpol-invalide-le-mandat-darret-international\/","og_site_name":"Letelegraphe.com","article_author":"https:\/\/www.facebook.com\/afriqueN24","article_published_time":"2021-02-11T15:17:17+00:00","article_modified_time":"2021-02-11T15:22:38+00:00","og_image":[{"width":1920,"height":1080,"url":"https:\/\/www.letelegraphe.com\/wp\/wp-content\/uploads\/2021\/02\/TITRE_66.jpg","type":"image\/jpeg"}],"author":"Le T\u00e9l\u00e9graphe","twitter_card":"summary_large_image","twitter_creator":"@afriqueN24","twitter_misc":{"\u00c9crit par":"Le T\u00e9l\u00e9graphe","Dur\u00e9e de lecture estim\u00e9e":"2 minutes"},"schema":{"@context":"https:\/\/schema.org","@graph":[{"@type":"Article","@id":"https:\/\/www.letelegraphe.com\/wp\/2021\/02\/11\/interpol-invalide-le-mandat-darret-international\/#article","isPartOf":{"@id":"https:\/\/www.letelegraphe.com\/wp\/2021\/02\/11\/interpol-invalide-le-mandat-darret-international\/"},"author":{"name":"Le T\u00e9l\u00e9graphe","@id":"https:\/\/www.letelegraphe.com\/wp\/#\/schema\/person\/157b034500a34f201fcd0527b9e0ca3e"},"headline":"INTERPOL INVALIDE LE MANDAT D\u2019ARR\u00caT INTERNATIONAL","datePublished":"2021-02-11T15:17:17+00:00","dateModified":"2021-02-11T15:22:38+00:00","mainEntityOfPage":{"@id":"https:\/\/www.letelegraphe.com\/wp\/2021\/02\/11\/interpol-invalide-le-mandat-darret-international\/"},"wordCount":266,"publisher":{"@id":"https:\/\/www.letelegraphe.com\/wp\/#organization"},"image":{"@id":"https:\/\/www.letelegraphe.com\/wp\/2021\/02\/11\/interpol-invalide-le-mandat-darret-international\/#primaryimage"},"thumbnailUrl":"https:\/\/www.letelegraphe.com\/wp\/wp-content\/uploads\/2021\/02\/TITRE_66.jpg","articleSection":["A LA UNE","POLITIQUE","TOGO"],"inLanguage":"fr-FR"},{"@type":"WebPage","@id":"https:\/\/www.letelegraphe.com\/wp\/2021\/02\/11\/interpol-invalide-le-mandat-darret-international\/","url":"https:\/\/www.letelegraphe.com\/wp\/2021\/02\/11\/interpol-invalide-le-mandat-darret-international\/","name":"INTERPOL INVALIDE LE MANDAT D\u2019ARR\u00caT INTERNATIONAL - Letelegraphe.com","isPartOf":{"@id":"https:\/\/www.letelegraphe.com\/wp\/#website"},"primaryImageOfPage":{"@id":"https:\/\/www.letelegraphe.com\/wp\/2021\/02\/11\/interpol-invalide-le-mandat-darret-international\/#primaryimage"},"image":{"@id":"https:\/\/www.letelegraphe.com\/wp\/2021\/02\/11\/interpol-invalide-le-mandat-darret-international\/#primaryimage"},"thumbnailUrl":"https:\/\/www.letelegraphe.com\/wp\/wp-content\/uploads\/2021\/02\/TITRE_66.jpg","datePublished":"2021-02-11T15:17:17+00:00","dateModified":"2021-02-11T15:22:38+00:00","breadcrumb":{"@id":"https:\/\/www.letelegraphe.com\/wp\/2021\/02\/11\/interpol-invalide-le-mandat-darret-international\/#breadcrumb"},"inLanguage":"fr-FR","potentialAction":[{"@type":"ReadAction","target":["https:\/\/www.letelegraphe.com\/wp\/2021\/02\/11\/interpol-invalide-le-mandat-darret-international\/"]}]},{"@type":"ImageObject","inLanguage":"fr-FR","@id":"https:\/\/www.letelegraphe.com\/wp\/2021\/02\/11\/interpol-invalide-le-mandat-darret-international\/#primaryimage","url":"https:\/\/www.letelegraphe.com\/wp\/wp-content\/uploads\/2021\/02\/TITRE_66.jpg","contentUrl":"https:\/\/www.letelegraphe.com\/wp\/wp-content\/uploads\/2021\/02\/TITRE_66.jpg","width":1920,"height":1080},{"@type":"BreadcrumbList","@id":"https:\/\/www.letelegraphe.com\/wp\/2021\/02\/11\/interpol-invalide-le-mandat-darret-international\/#breadcrumb","itemListElement":[{"@type":"ListItem","position":1,"name":"Accueil","item":"https:\/\/www.letelegraphe.com\/wp\/"},{"@type":"ListItem","position":2,"name":"INTERPOL INVALIDE LE MANDAT D\u2019ARR\u00caT INTERNATIONAL"}]},{"@type":"WebSite","@id":"https:\/\/www.letelegraphe.com\/wp\/#website","url":"https:\/\/www.letelegraphe.com\/wp\/","name":"Letelegraphe.com","description":"Site d&#039;actualit\u00e9s","publisher":{"@id":"https:\/\/www.letelegraphe.com\/wp\/#organization"},"potentialAction":[{"@type":"SearchAction","target":{"@type":"EntryPoint","urlTemplate":"https:\/\/www.letelegraphe.com\/wp\/?s={search_term_string}"},"query-input":{"@type":"PropertyValueSpecification","valueRequired":true,"valueName":"search_term_string"}}],"inLanguage":"fr-FR"},{"@type":"Organization","@id":"https:\/\/www.letelegraphe.com\/wp\/#organization","name":"Letelegraphe.com","url":"https:\/\/www.letelegraphe.com\/wp\/","logo":{"@type":"ImageObject","inLanguage":"fr-FR","@id":"https:\/\/www.letelegraphe.com\/wp\/#\/schema\/logo\/image\/","url":"https:\/\/www.letelegraphe.com\/wp\/wp-content\/uploads\/2021\/01\/cropped-logo_an24_tr.png","contentUrl":"https:\/\/www.letelegraphe.com\/wp\/wp-content\/uploads\/2021\/01\/cropped-logo_an24_tr.png","width":400,"height":100,"caption":"Letelegraphe.com"},"image":{"@id":"https:\/\/www.letelegraphe.com\/wp\/#\/schema\/logo\/image\/"}},{"@type":"Person","@id":"https:\/\/www.letelegraphe.com\/wp\/#\/schema\/person\/157b034500a34f201fcd0527b9e0ca3e","name":"Le T\u00e9l\u00e9graphe","image":{"@type":"ImageObject","inLanguage":"fr-FR","@id":"https:\/\/www.letelegraphe.com\/wp\/#\/schema\/person\/image\/","url":"https:\/\/secure.gravatar.com\/avatar\/8d896174d74e318013154a042fdbf8d608b0679d610850b1dde354cca267c74f?s=96&d=mm&r=g","contentUrl":"https:\/\/secure.gravatar.com\/avatar\/8d896174d74e318013154a042fdbf8d608b0679d610850b1dde354cca267c74f?s=96&d=mm&r=g","caption":"Le T\u00e9l\u00e9graphe"},"sameAs":["https:\/\/www.letelegraphe.com","https:\/\/www.facebook.com\/afriqueN24","https:\/\/x.com\/afriqueN24"],"url":"https:\/\/www.letelegraphe.com\/wp\/author\/ltgadmin\/"}]}},"featured_image_urls":{"full":["https:\/\/www.letelegraphe.com\/wp\/wp-content\/uploads\/2021\/02\/TITRE_66.jpg",1920,1080,false],"thumbnail":["https:\/\/www.letelegraphe.com\/wp\/wp-content\/uploads\/2021\/02\/TITRE_66-150x150.jpg",150,150,true],"medium":["https:\/\/www.letelegraphe.com\/wp\/wp-content\/uploads\/2021\/02\/TITRE_66-300x169.jpg",300,169,true],"medium_large":["https:\/\/www.letelegraphe.com\/wp\/wp-content\/uploads\/2021\/02\/TITRE_66-768x432.jpg",640,360,true],"large":["https:\/\/www.letelegraphe.com\/wp\/wp-content\/uploads\/2021\/02\/TITRE_66-1024x576.jpg",640,360,true],"1536x1536":["https:\/\/www.letelegraphe.com\/wp\/wp-content\/uploads\/2021\/02\/TITRE_66-1536x864.jpg",1536,864,true],"2048x2048":["https:\/\/www.letelegraphe.com\/wp\/wp-content\/uploads\/2021\/02\/TITRE_66.jpg",1920,1080,false],"newsphere-slider-full":["https:\/\/www.letelegraphe.com\/wp\/wp-content\/uploads\/2021\/02\/TITRE_66-1280x720.jpg",1280,720,true],"newsphere-featured":["https:\/\/www.letelegraphe.com\/wp\/wp-content\/uploads\/2021\/02\/TITRE_66-1024x576.jpg",1024,576,true],"newsphere-medium":["https:\/\/www.letelegraphe.com\/wp\/wp-content\/uploads\/2021\/02\/TITRE_66-720x380.jpg",720,380,true]},"author_info":{"display_name":"Le T\u00e9l\u00e9graphe","author_link":"https:\/\/www.letelegraphe.com\/wp\/author\/ltgadmin\/"},"category_info":"<a href=\"https:\/\/www.letelegraphe.com\/wp\/category\/a-la-une\/\" rel=\"category tag\">A LA UNE<\/a> <a href=\"https:\/\/www.letelegraphe.com\/wp\/category\/togo\/politique\/\" rel=\"category tag\">POLITIQUE<\/a> <a href=\"https:\/\/www.letelegraphe.com\/wp\/category\/togo\/\" rel=\"category tag\">TOGO<\/a>","tag_info":"TOGO","comment_count":"0","_links":{"self":[{"href":"https:\/\/www.letelegraphe.com\/wp\/wp-json\/wp\/v2\/posts\/829","targetHints":{"allow":["GET"]}}],"collection":[{"href":"https:\/\/www.letelegraphe.com\/wp\/wp-json\/wp\/v2\/posts"}],"about":[{"href":"https:\/\/www.letelegraphe.com\/wp\/wp-json\/wp\/v2\/types\/post"}],"author":[{"embeddable":true,"href":"https:\/\/www.letelegraphe.com\/wp\/wp-json\/wp\/v2\/users\/1"}],"replies":[{"embeddable":true,"href":"https:\/\/www.letelegraphe.com\/wp\/wp-json\/wp\/v2\/comments?post=829"}],"version-history":[{"count":4,"href":"https:\/\/www.letelegraphe.com\/wp\/wp-json\/wp\/v2\/posts\/829\/revisions"}],"predecessor-version":[{"id":837,"href":"https:\/\/www.letelegraphe.com\/wp\/wp-json\/wp\/v2\/posts\/829\/revisions\/837"}],"wp:featuredmedia":[{"embeddable":true,"href":"https:\/\/www.letelegraphe.com\/wp\/wp-json\/wp\/v2\/media\/833"}],"wp:attachment":[{"href":"https:\/\/www.letelegraphe.com\/wp\/wp-json\/wp\/v2\/media?parent=829"}],"wp:term":[{"taxonomy":"category","embeddable":true,"href":"https:\/\/www.letelegraphe.com\/wp\/wp-json\/wp\/v2\/categories?post=829"},{"taxonomy":"post_tag","embeddable":true,"href":"https:\/\/www.letelegraphe.com\/wp\/wp-json\/wp\/v2\/tags?post=829"}],"curies":[{"name":"wp","href":"https:\/\/api.w.org\/{rel}","templated":true}]}}